{"id":1040,"date":"2017-03-07T10:21:30","date_gmt":"2017-03-07T09:21:30","guid":{"rendered":"http:\/\/901motoclub.fr\/?p=1040"},"modified":"2017-03-15T18:50:29","modified_gmt":"2017-03-15T17:50:29","slug":"assemblee-generale-du-3-mars-2017-les-principales-decisions-et-informations","status":"publish","type":"post","link":"https:\/\/901motoclub.fr\/index.php\/2017\/03\/07\/assemblee-generale-du-3-mars-2017-les-principales-decisions-et-informations\/","title":{"rendered":"Assembl\u00e9e G\u00e9n\u00e9rale du 3 mars 2017 : les principales d\u00e9cisions et informations"},"content":{"rendered":"<p>Le 901 Moto Club a tenu son assembl\u00e9e g\u00e9n\u00e9rale le 3 mars dernier, \u00e0 18 h, dans la salle Repaire pr\u00eat\u00e9e par la Mairie de Saint-Paul-le-Jeune.<\/p>\n<p><strong>En 2016, 29 personnes ont r\u00e9gl\u00e9 leur cotisation<\/strong>, permettant au club d\u2019assurer, et au-del\u00e0, le fonctionnement de l\u2019association.<\/p>\n<p>Nos sorties ont eu lieu le dimanche en principe toutes les trois semaines, deux fois une demie journ\u00e9e suivies d\u2019une journ\u00e9e enti\u00e8re. Le mauvais temps nous a quelquefois conduit \u00e0 reporter ces balades mais nous avons quand m\u00eame organis\u00e9 douze sorties cette ann\u00e9e. Le repas annuel s\u2019est tenu le 3 juin dernier au restaurant la Padelle. Le plaisir d\u2019\u00eatre ensemble \u00e9tait bien l\u00e0\u00a0!<\/p>\n<p>Par contre, report\u00e9 \u00e0 trois reprises \u00e0 cause du mauvais temps, la d\u00e9cision a \u00e9t\u00e9 prise de reconduire le rallye sur l\u2019ann\u00e9e \u00e0 venir.<\/p>\n<p><strong>Le club est en bonne sant\u00e9 financi\u00e8re<\/strong>. Les cotisations repr\u00e9sentent notre principale ressource. Nos d\u00e9penses tiennent en quelques postes dont les plus importants sont l\u2019assurance du Club , les frais internet et surtout la participation du club au repas annuel<\/p>\n<p><strong>Le bureau est renouvel\u00e9<\/strong>, \u00e0 l&#8217;unanimit\u00e9 : <strong>Jean est nomm\u00e9 pr\u00e9sident, Claude tr\u00e9sorier et Denis secr\u00e9taire.<\/strong><\/p>\n<p><strong>Les montants des cotisations sont reconduits<\/strong> pour 2017 (25 \u20ac par membre et 40 \u20ac par couple). Un \u00e9cusson sera donn\u00e9 donner un \u00e0 chaque membre du club.<\/p>\n<p>Le rythme d&#8217;une programmation de sorties toutes les trois semaines est maintenu. ( deux sur la demie journ\u00e9e et une sur la journ\u00e9e ) En cas d&#8217;impr\u00e9vu ne permettant pas le d\u00e9roulement de la sortie, celle ci sera automatiquement report\u00e9e \u00e0 la semaine suivante. Le jour de sortie est maintenu le dimanche.<\/p>\n<p><strong>Le rallye<\/strong> qui avait\u00a0 \u00e9t\u00e9 pr\u00e9par\u00e9 en 2016, report\u00e9 \u00e0 3 reprises du fait de conditions m\u00e9t\u00e9orologiques d\u00e9favorables, est \u00e0 nouveau programm\u00e9 pour ce printemps 2017. Il <strong>aura lieu le 4 ou le 11 juin<\/strong>. Il est limit\u00e9 aux membres du\u00a0 901 Moto Club avec possibilit\u00e9 pour chacun d&#8217;inviter une moto suppl\u00e9mentaire. Il sera organis\u00e9 par Denis et Jutta, Pierrot et Thierry.<\/p>\n<p>L&#8217;AG a \u00e9t\u00e9 suivie du traditionnel pot de l&#8217;amiti\u00e9 chez Eric, au Bar des Sports de Saint-Paul-le-Jeune.<\/p>\n<p><strong>Le compte rendu<\/strong> de l\u2019assembl\u00e9e g\u00e9n\u00e9rale est<strong> <a href=\"http:\/\/901motoclub.fr\/wp-content\/uploads\/documents\/PV%20AG%203.03.17-publication.pdf\">consultable ici<\/a><\/strong>.<\/p>\n<p>Merci \u00e0 tous pour votre participation et bonne humeur\u00a0!<\/p>\n\n\t\t<style type=\"text\/css\">\n\t\t\t#gallery-1 {\n\t\t\t\tmargin: auto;\n\t\t\t}\n\t\t\t#gallery-1 .gallery-item {\n\t\t\t\tfloat: left;\n\t\t\t\tmargin-top: 10px;\n\t\t\t\ttext-align: center;\n\t\t\t\twidth: 33%;\n\t\t\t}\n\t\t\t#gallery-1 img {\n\t\t\t\tborder: 2px solid #cfcfcf;\n\t\t\t}\n\t\t\t#gallery-1 .gallery-caption {\n\t\t\t\tmargin-left: 0;\n\t\t\t}\n\t\t\t\/* see gallery_shortcode() in wp-includes\/media.php *\/\n\t\t<\/style>\n\t\t<div id='gallery-1' class='gallery galleryid-1040 gallery-columns-3 gallery-size-medium'><dl class='gallery-item'>\n\t\t\t<dt class='gallery-icon landscape'>\n\t\t\t\t<a href='https:\/\/i1.wp.com\/901motoclub.fr\/wp-content\/uploads\/2017\/03\/Fevrier2017-7.jpg?ssl=1'><img loading=\"lazy\" decoding=\"async\" width=\"300\" height=\"225\" src=\"https:\/\/i1.wp.com\/901motoclub.fr\/wp-content\/uploads\/2017\/03\/Fevrier2017-7.jpg?fit=300%2C225&amp;ssl=1\" class=\"attachment-medium size-medium\" alt=\"\" srcset=\"https:\/\/i1.wp.com\/901motoclub.fr\/wp-content\/uploads\/2017\/03\/Fevrier2017-7.jpg?w=1600&amp;ssl=1 1600w, https:\/\/i1.wp.com\/901motoclub.fr\/wp-content\/uploads\/2017\/03\/Fevrier2017-7.jpg?resize=300%2C225&amp;ssl=1 300w, https:\/\/i1.wp.com\/901motoclub.fr\/wp-content\/uploads\/2017\/03\/Fevrier2017-7.jpg?resize=768%2C576&amp;ssl=1 768w, https:\/\/i1.wp.com\/901motoclub.fr\/wp-content\/uploads\/2017\/03\/Fevrier2017-7.jpg?resize=1024%2C768&amp;ssl=1 1024w\" sizes=\"auto, (max-width: 300px) 100vw, 300px\" \/><\/a>\n\t\t\t<\/dt><\/dl><dl class='gallery-item'>\n\t\t\t<dt class='gallery-icon landscape'>\n\t\t\t\t<a href='https:\/\/i0.wp.com\/901motoclub.fr\/wp-content\/uploads\/2017\/03\/Fevrier2017-8.jpg?ssl=1'><img loading=\"lazy\" decoding=\"async\" width=\"300\" height=\"225\" src=\"https:\/\/i0.wp.com\/901motoclub.fr\/wp-content\/uploads\/2017\/03\/Fevrier2017-8.jpg?fit=300%2C225&amp;ssl=1\" class=\"attachment-medium size-medium\" alt=\"\" srcset=\"https:\/\/i0.wp.com\/901motoclub.fr\/wp-content\/uploads\/2017\/03\/Fevrier2017-8.jpg?w=1600&amp;ssl=1 1600w, https:\/\/i0.wp.com\/901motoclub.fr\/wp-content\/uploads\/2017\/03\/Fevrier2017-8.jpg?resize=300%2C225&amp;ssl=1 300w, https:\/\/i0.wp.com\/901motoclub.fr\/wp-content\/uploads\/2017\/03\/Fevrier2017-8.jpg?resize=768%2C576&amp;ssl=1 768w, https:\/\/i0.wp.com\/901motoclub.fr\/wp-content\/uploads\/2017\/03\/Fevrier2017-8.jpg?resize=1024%2C768&amp;ssl=1 1024w\" sizes=\"auto, (max-width: 300px) 100vw, 300px\" \/><\/a>\n\t\t\t<\/dt><\/dl><dl class='gallery-item'>\n\t\t\t<dt class='gallery-icon landscape'>\n\t\t\t\t<a href='https:\/\/i0.wp.com\/901motoclub.fr\/wp-content\/uploads\/2017\/03\/Fevrier2017-9.jpg?ssl=1'><img loading=\"lazy\" decoding=\"async\" width=\"300\" height=\"225\" src=\"https:\/\/i0.wp.com\/901motoclub.fr\/wp-content\/uploads\/2017\/03\/Fevrier2017-9.jpg?fit=300%2C225&amp;ssl=1\" class=\"attachment-medium size-medium\" alt=\"\" srcset=\"https:\/\/i0.wp.com\/901motoclub.fr\/wp-content\/uploads\/2017\/03\/Fevrier2017-9.jpg?w=1600&amp;ssl=1 1600w, https:\/\/i0.wp.com\/901motoclub.fr\/wp-content\/uploads\/2017\/03\/Fevrier2017-9.jpg?resize=300%2C225&amp;ssl=1 300w, https:\/\/i0.wp.com\/901motoclub.fr\/wp-content\/uploads\/2017\/03\/Fevrier2017-9.jpg?resize=768%2C576&amp;ssl=1 768w, https:\/\/i0.wp.com\/901motoclub.fr\/wp-content\/uploads\/2017\/03\/Fevrier2017-9.jpg?resize=1024%2C768&amp;ssl=1 1024w\" sizes=\"auto, (max-width: 300px) 100vw, 300px\" \/><\/a>\n\t\t\t<\/dt><\/dl><br style=\"clear: both\" \/><dl class='gallery-item'>\n\t\t\t<dt class='gallery-icon landscape'>\n\t\t\t\t<a href='https:\/\/i1.wp.com\/901motoclub.fr\/wp-content\/uploads\/2017\/03\/Fevrier2017-10.jpg?ssl=1'><img loading=\"lazy\" decoding=\"async\" width=\"300\" height=\"225\" src=\"https:\/\/i1.wp.com\/901motoclub.fr\/wp-content\/uploads\/2017\/03\/Fevrier2017-10.jpg?fit=300%2C225&amp;ssl=1\" class=\"attachment-medium size-medium\" alt=\"\" srcset=\"https:\/\/i1.wp.com\/901motoclub.fr\/wp-content\/uploads\/2017\/03\/Fevrier2017-10.jpg?w=1600&amp;ssl=1 1600w, https:\/\/i1.wp.com\/901motoclub.fr\/wp-content\/uploads\/2017\/03\/Fevrier2017-10.jpg?resize=300%2C225&amp;ssl=1 300w, https:\/\/i1.wp.com\/901motoclub.fr\/wp-content\/uploads\/2017\/03\/Fevrier2017-10.jpg?resize=768%2C576&amp;ssl=1 768w, https:\/\/i1.wp.com\/901motoclub.fr\/wp-content\/uploads\/2017\/03\/Fevrier2017-10.jpg?resize=1024%2C768&amp;ssl=1 1024w\" sizes=\"auto, (max-width: 300px) 100vw, 300px\" \/><\/a>\n\t\t\t<\/dt><\/dl><dl class='gallery-item'>\n\t\t\t<dt class='gallery-icon landscape'>\n\t\t\t\t<a href='https:\/\/i0.wp.com\/901motoclub.fr\/wp-content\/uploads\/2017\/03\/Fevrier2017-11.jpg?ssl=1'><img loading=\"lazy\" decoding=\"async\" width=\"300\" height=\"225\" src=\"https:\/\/i0.wp.com\/901motoclub.fr\/wp-content\/uploads\/2017\/03\/Fevrier2017-11.jpg?fit=300%2C225&amp;ssl=1\" class=\"attachment-medium size-medium\" alt=\"\" srcset=\"https:\/\/i0.wp.com\/901motoclub.fr\/wp-content\/uploads\/2017\/03\/Fevrier2017-11.jpg?w=1600&amp;ssl=1 1600w, https:\/\/i0.wp.com\/901motoclub.fr\/wp-content\/uploads\/2017\/03\/Fevrier2017-11.jpg?resize=300%2C225&amp;ssl=1 300w, https:\/\/i0.wp.com\/901motoclub.fr\/wp-content\/uploads\/2017\/03\/Fevrier2017-11.jpg?resize=768%2C576&amp;ssl=1 768w, https:\/\/i0.wp.com\/901motoclub.fr\/wp-content\/uploads\/2017\/03\/Fevrier2017-11.jpg?resize=1024%2C768&amp;ssl=1 1024w\" sizes=\"auto, (max-width: 300px) 100vw, 300px\" \/><\/a>\n\t\t\t<\/dt><\/dl><dl class='gallery-item'>\n\t\t\t<dt class='gallery-icon landscape'>\n\t\t\t\t<a href='https:\/\/i1.wp.com\/901motoclub.fr\/wp-content\/uploads\/2017\/03\/Fevrier2017-12.jpg?ssl=1'><img loading=\"lazy\" decoding=\"async\" width=\"300\" height=\"225\" src=\"https:\/\/i1.wp.com\/901motoclub.fr\/wp-content\/uploads\/2017\/03\/Fevrier2017-12.jpg?fit=300%2C225&amp;ssl=1\" class=\"attachment-medium size-medium\" alt=\"\" srcset=\"https:\/\/i1.wp.com\/901motoclub.fr\/wp-content\/uploads\/2017\/03\/Fevrier2017-12.jpg?w=1600&amp;ssl=1 1600w, https:\/\/i1.wp.com\/901motoclub.fr\/wp-content\/uploads\/2017\/03\/Fevrier2017-12.jpg?resize=300%2C225&amp;ssl=1 300w, https:\/\/i1.wp.com\/901motoclub.fr\/wp-content\/uploads\/2017\/03\/Fevrier2017-12.jpg?resize=768%2C576&amp;ssl=1 768w, https:\/\/i1.wp.com\/901motoclub.fr\/wp-content\/uploads\/2017\/03\/Fevrier2017-12.jpg?resize=1024%2C768&amp;ssl=1 1024w\" sizes=\"auto, (max-width: 300px) 100vw, 300px\" \/><\/a>\n\t\t\t<\/dt><\/dl><br style=\"clear: both\" \/>\n\t\t<\/div>\n\n<p>&nbsp;<\/p>\n","protected":false},"excerpt":{"rendered":"<p>Le 901 Moto Club a tenu son assembl\u00e9e g\u00e9n\u00e9rale le 3 mars dernier, \u00e0 18 h, dans la salle Repaire pr\u00eat\u00e9e par la Mairie de Saint-Paul-le-Jeune. En 2016, 29 personnes ont r\u00e9gl\u00e9 leur cotisation, permettant au club d\u2019assurer, et au-del\u00e0, le fonctionnement de l\u2019association. Nos sorties ont eu lieu le dimanche en principe toutes les [&hellip;]<\/p>\n","protected":false},"author":1,"featured_media":1045,"comment_status":"open","ping_status":"open","sticky":false,"template":"","format":"standard","meta":{"spay_email":"","footnotes":""},"categories":[8,6],"tags":[],"class_list":["post-1040","post","type-post","status-publish","format-standard","has-post-thumbnail","hentry","category-actualites","category-reunion"],"jetpack_featured_media_url":"https:\/\/i2.wp.com\/901motoclub.fr\/wp-content\/uploads\/2017\/03\/IMG_1472.jpg?fit=640%2C480&ssl=1","jetpack_shortlink":"https:\/\/wp.me\/p6Us3q-gM","_links":{"self":[{"href":"https:\/\/901motoclub.fr\/index.php\/wp-json\/wp\/v2\/posts\/1040","targetHints":{"allow":["GET"]}}],"collection":[{"href":"https:\/\/901motoclub.fr\/index.php\/wp-json\/wp\/v2\/posts"}],"about":[{"href":"https:\/\/901motoclub.fr\/index.php\/wp-json\/wp\/v2\/types\/post"}],"author":[{"embeddable":true,"href":"https:\/\/901motoclub.fr\/index.php\/wp-json\/wp\/v2\/users\/1"}],"replies":[{"embeddable":true,"href":"https:\/\/901motoclub.fr\/index.php\/wp-json\/wp\/v2\/comments?post=1040"}],"version-history":[{"count":6,"href":"https:\/\/901motoclub.fr\/index.php\/wp-json\/wp\/v2\/posts\/1040\/revisions"}],"predecessor-version":[{"id":1053,"href":"https:\/\/901motoclub.fr\/index.php\/wp-json\/wp\/v2\/posts\/1040\/revisions\/1053"}],"wp:featuredmedia":[{"embeddable":true,"href":"https:\/\/901motoclub.fr\/index.php\/wp-json\/wp\/v2\/media\/1045"}],"wp:attachment":[{"href":"https:\/\/901motoclub.fr\/index.php\/wp-json\/wp\/v2\/media?parent=1040"}],"wp:term":[{"taxonomy":"category","embeddable":true,"href":"https:\/\/901motoclub.fr\/index.php\/wp-json\/wp\/v2\/categories?post=1040"},{"taxonomy":"post_tag","embeddable":true,"href":"https:\/\/901motoclub.fr\/index.php\/wp-json\/wp\/v2\/tags?post=1040"}],"curies":[{"name":"wp","href":"https:\/\/api.w.org\/{rel}","templated":true}]}}