{"id":1201,"date":"2017-06-03T09:51:25","date_gmt":"2017-06-03T07:51:25","guid":{"rendered":"http:\/\/901motoclub.fr\/?p=1201"},"modified":"2017-06-03T09:51:25","modified_gmt":"2017-06-03T07:51:25","slug":"a-venir-balade-du-18-juin-2017-vers-le-coiron","status":"publish","type":"post","link":"https:\/\/901motoclub.fr\/index.php\/2017\/06\/03\/a-venir-balade-du-18-juin-2017-vers-le-coiron\/","title":{"rendered":"A venir : Balade du 18 juin 2017 vers le Coiron"},"content":{"rendered":"<p>C&#8217;est une premi\u00e8re !<\/p>\n<p>Depuis trois ans, nous sillonnons la r\u00e9gion tous les trois dimanches. Cependant, nous ne nous sommes pas encore dirig\u00e9s vers le <strong>Coiron<\/strong>.\u00a0 Pour ceux qui l&#8217;ignorent le plateau du Coiron forme un plateau basaltique, qui s&#8217;\u00e9tend au Sud du <a title=\"Moyen-Vivarais\" href=\"https:\/\/fr.wikipedia.org\/wiki\/Moyen-Vivarais\">Moyen-Vivarais<\/a>. C&#8217;est une r\u00e9gion g\u00e9ologique particuli\u00e8re de l&#8217;Ard\u00e8che, entre <a title=\"Privas\" href=\"https:\/\/fr.wikipedia.org\/wiki\/Privas\">Privas<\/a>, <a title=\"Villeneuve-de-Berg\" href=\"https:\/\/fr.wikipedia.org\/wiki\/Villeneuve-de-Berg\">Villeneuve-de-Berg<\/a> et <a title=\"Rochemaure\" href=\"https:\/\/fr.wikipedia.org\/wiki\/Rochemaure\">Rochemaure<\/a> (au bord du <a title=\"Rh\u00f4ne\" href=\"https:\/\/fr.wikipedia.org\/wiki\/Rh%C3%B4ne\">Rh\u00f4ne<\/a>). Les riches herbages du Coiron en font avant tout une terre d&#8217;\u00e9levage, surtout repr\u00e9sent\u00e9 par l&#8217;\u00e9levage bovin, pour la viande, les veaux et le lait. La surface du plateau appara\u00eet comme partag\u00e9e en un parcellaire complexe, ancien et soigneusement d\u00e9limit\u00e9 (Cf. Wikipedia).<\/p>\n<p>Dans l&#8217;apr\u00e8s-midi nous n&#8217;aurons pas le temps de d\u00e9couvrir toutes ses particularit\u00e9s. Mais assez toutefois pour passer par Mirabel ainsi que Berz\u00e8me et sa maison forte. Auparavant nous aurons travers\u00e9 Balazuc, puis Vog\u00fc\u00e9.<\/p>\n<p>Le retour se fera par Villeneuve-de-Berg et Saint-Maurice-d&#8217;Ibie.<\/p>\n<p>La balade (environ 150 km) est un peu plus longue que lors des derni\u00e8res sorties et le rendez-vous est \u00e0 13h30 au Bar des Sports de Saint-Paul-le-Jeune (d\u00e9part dix minutes plus tard).<\/p>\n<p><strong>Bien s\u00fbr, il faut vous inscrire par un commentaire ci-dessous<\/strong>.<\/p>\n<p>Si vous \u00eates int\u00e9ress\u00e9s par le trajet vous pouvez le t\u00e9l\u00e9charger comme pour les autres sorties en format <strong><a href=\"http:\/\/901motoclub.fr\/wp-content\/uploads\/gps\/901-18-06-2017.gpx\">Garmin<\/a><\/strong> ou en format <strong><a href=\"http:\/\/901motoclub.fr\/wp-content\/uploads\/gps\/901-18-06-2017.itn\">Tomtom<\/a><\/strong> ou bien en format <strong><a href=\"http:\/\/901motoclub.fr\/wp-content\/uploads\/gps\/901-18-06-2017.kml\">Google Earth<\/a><\/strong>.<\/p>\n","protected":false},"excerpt":{"rendered":"<p>C&#8217;est une premi\u00e8re ! Depuis trois ans, nous sillonnons la r\u00e9gion tous les trois dimanches. Cependant, nous ne nous sommes pas encore dirig\u00e9s vers le Coiron.\u00a0 Pour ceux qui l&#8217;ignorent le plateau du Coiron forme un plateau basaltique, qui s&#8217;\u00e9tend au Sud du Moyen-Vivarais. C&#8217;est une r\u00e9gion g\u00e9ologique particuli\u00e8re de l&#8217;Ard\u00e8che, entre Privas, Villeneuve-de-Berg et [&hellip;]<\/p>\n","protected":false},"author":1,"featured_media":1203,"comment_status":"open","ping_status":"open","sticky":false,"template":"","format":"standard","meta":{"spay_email":"","footnotes":""},"categories":[8,3,4],"tags":[],"class_list":["post-1201","post","type-post","status-publish","format-standard","has-post-thumbnail","hentry","category-actualites","category-balades","category-demie-journee"],"jetpack_featured_media_url":"https:\/\/i1.wp.com\/901motoclub.fr\/wp-content\/uploads\/2017\/06\/9019-18-06-2017.jpg?fit=974%2C778&ssl=1","jetpack_shortlink":"https:\/\/wp.me\/p6Us3q-jn","_links":{"self":[{"href":"https:\/\/901motoclub.fr\/index.php\/wp-json\/wp\/v2\/posts\/1201","targetHints":{"allow":["GET"]}}],"collection":[{"href":"https:\/\/901motoclub.fr\/index.php\/wp-json\/wp\/v2\/posts"}],"about":[{"href":"https:\/\/901motoclub.fr\/index.php\/wp-json\/wp\/v2\/types\/post"}],"author":[{"embeddable":true,"href":"https:\/\/901motoclub.fr\/index.php\/wp-json\/wp\/v2\/users\/1"}],"replies":[{"embeddable":true,"href":"https:\/\/901motoclub.fr\/index.php\/wp-json\/wp\/v2\/comments?post=1201"}],"version-history":[{"count":4,"href":"https:\/\/901motoclub.fr\/index.php\/wp-json\/wp\/v2\/posts\/1201\/revisions"}],"predecessor-version":[{"id":1206,"href":"https:\/\/901motoclub.fr\/index.php\/wp-json\/wp\/v2\/posts\/1201\/revisions\/1206"}],"wp:featuredmedia":[{"embeddable":true,"href":"https:\/\/901motoclub.fr\/index.php\/wp-json\/wp\/v2\/media\/1203"}],"wp:attachment":[{"href":"https:\/\/901motoclub.fr\/index.php\/wp-json\/wp\/v2\/media?parent=1201"}],"wp:term":[{"taxonomy":"category","embeddable":true,"href":"https:\/\/901motoclub.fr\/index.php\/wp-json\/wp\/v2\/categories?post=1201"},{"taxonomy":"post_tag","embeddable":true,"href":"https:\/\/901motoclub.fr\/index.php\/wp-json\/wp\/v2\/tags?post=1201"}],"curies":[{"name":"wp","href":"https:\/\/api.w.org\/{rel}","templated":true}]}}