{"id":1253,"date":"2017-07-20T13:30:15","date_gmt":"2017-07-20T11:30:15","guid":{"rendered":"http:\/\/901motoclub.fr\/?p=1253"},"modified":"2017-07-21T08:19:59","modified_gmt":"2017-07-21T06:19:59","slug":"le-programme-de-la-deuxieme-partie-de-lannee","status":"publish","type":"post","link":"https:\/\/901motoclub.fr\/index.php\/2017\/07\/20\/le-programme-de-la-deuxieme-partie-de-lannee\/","title":{"rendered":"Le programme de la deuxi\u00e8me partie de l&#8217;ann\u00e9e !"},"content":{"rendered":"<p>Bonjour les amis motards et motardes,<\/p>\n<p>La sortie de rentr\u00e9e est pr\u00e9vue pour <strong>le 10 septembre<\/strong>. Comme les balades de la journ\u00e9e sont tr\u00e8s appr\u00e9ci\u00e9es, il vous faudra se lever t\u00f4t ce dimanche l\u00e0 ! Denis nous pr\u00e9pare une belle surprise en direction du Gard et de ses vignobles. Mais vous en saurez plus dans un prochain article&#8230;<\/p>\n<p>Les deux suivantes seront des sorties du dimanche apr\u00e8s-midi, soit <strong>le 1er et le 22 octobre<\/strong>. <strong>Le 12 novembre<\/strong>, il devrait commencer \u00e0 faire un peu plus frais&#8230; Aussi, Claude nous concocte une balade de la journ\u00e9e vers le sud, en direction de la Camargue !<\/p>\n<p>La derni\u00e8re sortie programm\u00e9e aura lieu <strong>le 3 d\u00e9cembre<\/strong>. Compte-tenu de notre rythme habituel d&#8217;une balade toutes les trois semaines nous avons renonc\u00e9 \u00e0 la sortie du 24 d\u00e9cembre&#8230;<\/p>\n<p>En tout cas vous avez maintenant de quoi r\u00e9server ces dates sur votre agenda !<\/p>\n<p>Il n&#8217;est pas exclu que nous organisions d&#8217;autres sorties cet \u00e9t\u00e9 (comme dimanche prochain) mais en raison des vacances, il n&#8217;est pas tr\u00e8s commode de les programmer tr\u00e8s \u00e0 l&#8217;avance. Nous verrons bien, selon votre demande.<\/p>\n<p>Derni\u00e8re info, <strong>les r\u00e9servations pour la sortie du dimanche 23 juillet seront closes ce soir<\/strong> en raison de la n\u00e9cessaire r\u00e9servation du restaurant, denr\u00e9e rare aux alentours du Mt Aigoual. Nous sommes onze inscrits pour le moment.<\/p>\n<p>Bonne journ\u00e9e \u00e0 tous.<\/p>\n<p>&nbsp;<\/p>\n","protected":false},"excerpt":{"rendered":"<p>Bonjour les amis motards et motardes, La sortie de rentr\u00e9e est pr\u00e9vue pour le 10 septembre. Comme les balades de la journ\u00e9e sont tr\u00e8s appr\u00e9ci\u00e9es, il vous faudra se lever t\u00f4t ce dimanche l\u00e0 ! Denis nous pr\u00e9pare une belle surprise en direction du Gard et de ses vignobles. Mais vous en saurez plus dans [&hellip;]<\/p>\n","protected":false},"author":1,"featured_media":0,"comment_status":"open","ping_status":"open","sticky":false,"template":"","format":"standard","meta":{"spay_email":"","footnotes":""},"categories":[12,8],"tags":[],"class_list":["post-1253","post","type-post","status-publish","format-standard","hentry","category-activites","category-actualites"],"jetpack_featured_media_url":"","jetpack_shortlink":"https:\/\/wp.me\/p6Us3q-kd","_links":{"self":[{"href":"https:\/\/901motoclub.fr\/index.php\/wp-json\/wp\/v2\/posts\/1253","targetHints":{"allow":["GET"]}}],"collection":[{"href":"https:\/\/901motoclub.fr\/index.php\/wp-json\/wp\/v2\/posts"}],"about":[{"href":"https:\/\/901motoclub.fr\/index.php\/wp-json\/wp\/v2\/types\/post"}],"author":[{"embeddable":true,"href":"https:\/\/901motoclub.fr\/index.php\/wp-json\/wp\/v2\/users\/1"}],"replies":[{"embeddable":true,"href":"https:\/\/901motoclub.fr\/index.php\/wp-json\/wp\/v2\/comments?post=1253"}],"version-history":[{"count":5,"href":"https:\/\/901motoclub.fr\/index.php\/wp-json\/wp\/v2\/posts\/1253\/revisions"}],"predecessor-version":[{"id":1258,"href":"https:\/\/901motoclub.fr\/index.php\/wp-json\/wp\/v2\/posts\/1253\/revisions\/1258"}],"wp:attachment":[{"href":"https:\/\/901motoclub.fr\/index.php\/wp-json\/wp\/v2\/media?parent=1253"}],"wp:term":[{"taxonomy":"category","embeddable":true,"href":"https:\/\/901motoclub.fr\/index.php\/wp-json\/wp\/v2\/categories?post=1253"},{"taxonomy":"post_tag","embeddable":true,"href":"https:\/\/901motoclub.fr\/index.php\/wp-json\/wp\/v2\/tags?post=1253"}],"curies":[{"name":"wp","href":"https:\/\/api.w.org\/{rel}","templated":true}]}}