{"id":137,"date":"2015-10-08T09:43:10","date_gmt":"2015-10-08T08:43:10","guid":{"rendered":"http:\/\/901motoclub.fr\/?p=137"},"modified":"2015-10-08T09:43:10","modified_gmt":"2015-10-08T08:43:10","slug":"manifestation-contre-linterdiction-en-ville-des-motos-davant-2000","status":"publish","type":"post","link":"https:\/\/901motoclub.fr\/index.php\/2015\/10\/08\/manifestation-contre-linterdiction-en-ville-des-motos-davant-2000\/","title":{"rendered":"Manifestation contre l&#8217;interdiction en ville des motos d&#8217;avant 2000"},"content":{"rendered":"<p>Une manifestation est organis\u00e9e par la FFMC (F\u00e9d\u00e9ration des Motards en Col\u00e8re) le samedi 10 octobre 2015 pour protester &#8220;<i>contre les interdictions de circulation des deux-roues motoris\u00e9s en ville<\/i>&#8220;. Aux quatre coins de France, des cort\u00e8ges seront port\u00e9s par le slogan &#8220;Le deux-roues motoris\u00e9 est une solution, pas une pollution&#8221;\u00a0!<\/p>\n<p>Selon son communiqu\u00e9, la FFMC entend faire suite aux &#8220;politiques environnementales&#8221; qui souhaitent interdire les motos d\u2019avant 2000 (puis celles des ann\u00e9es suivantes, \u00e0 tr\u00e8s court terme), dans les grandes villes de France, dont Paris. Probl\u00e9matique d\u2019autant plus amplifi\u00e9e par la loi sur la transition \u00e9nerg\u00e9tique vot\u00e9e r\u00e9cemment et qui donne tous les outils aux collectivit\u00e9s pour appliquer des zones \u00e0 circulation restreinte, int\u00e9grant le deux-roues motoris\u00e9s dans ces restrictions.<\/p>\n<p>Pour l&#8217;Ard\u00e8che, le rassemblement est \u00e0 Bourg-les-Valence \u00e0 11h45 au P\u00f4le Val-moto. D\u00e9part \u00e0 12h15 pour rejoindre le cort\u00e8ge de Lyon.<\/p>\n<p>Jean<\/p>\n","protected":false},"excerpt":{"rendered":"<p>Une manifestation est organis\u00e9e par la FFMC (F\u00e9d\u00e9ration des Motards en Col\u00e8re) le samedi 10 octobre 2015 pour protester &#8220;contre les interdictions de circulation des deux-roues motoris\u00e9s en ville&#8220;. Aux quatre coins de France, des cort\u00e8ges seront port\u00e9s par le slogan &#8220;Le deux-roues motoris\u00e9 est une solution, pas une pollution&#8221;\u00a0! Selon son communiqu\u00e9, la FFMC [&hellip;]<\/p>\n","protected":false},"author":1,"featured_media":0,"comment_status":"open","ping_status":"open","sticky":false,"template":"","format":"standard","meta":{"spay_email":"","footnotes":""},"categories":[8],"tags":[],"class_list":["post-137","post","type-post","status-publish","format-standard","hentry","category-actualites"],"jetpack_featured_media_url":"","jetpack_shortlink":"https:\/\/wp.me\/p6Us3q-2d","_links":{"self":[{"href":"https:\/\/901motoclub.fr\/index.php\/wp-json\/wp\/v2\/posts\/137","targetHints":{"allow":["GET"]}}],"collection":[{"href":"https:\/\/901motoclub.fr\/index.php\/wp-json\/wp\/v2\/posts"}],"about":[{"href":"https:\/\/901motoclub.fr\/index.php\/wp-json\/wp\/v2\/types\/post"}],"author":[{"embeddable":true,"href":"https:\/\/901motoclub.fr\/index.php\/wp-json\/wp\/v2\/users\/1"}],"replies":[{"embeddable":true,"href":"https:\/\/901motoclub.fr\/index.php\/wp-json\/wp\/v2\/comments?post=137"}],"version-history":[{"count":1,"href":"https:\/\/901motoclub.fr\/index.php\/wp-json\/wp\/v2\/posts\/137\/revisions"}],"predecessor-version":[{"id":138,"href":"https:\/\/901motoclub.fr\/index.php\/wp-json\/wp\/v2\/posts\/137\/revisions\/138"}],"wp:attachment":[{"href":"https:\/\/901motoclub.fr\/index.php\/wp-json\/wp\/v2\/media?parent=137"}],"wp:term":[{"taxonomy":"category","embeddable":true,"href":"https:\/\/901motoclub.fr\/index.php\/wp-json\/wp\/v2\/categories?post=137"},{"taxonomy":"post_tag","embeddable":true,"href":"https:\/\/901motoclub.fr\/index.php\/wp-json\/wp\/v2\/tags?post=137"}],"curies":[{"name":"wp","href":"https:\/\/api.w.org\/{rel}","templated":true}]}}