{"id":1681,"date":"2017-12-26T11:36:24","date_gmt":"2017-12-26T10:36:24","guid":{"rendered":"http:\/\/901motoclub.fr\/?p=1681"},"modified":"2017-12-26T11:36:24","modified_gmt":"2017-12-26T10:36:24","slug":"bonnes-901-fetes-a-tous","status":"publish","type":"post","link":"https:\/\/901motoclub.fr\/index.php\/2017\/12\/26\/bonnes-901-fetes-a-tous\/","title":{"rendered":"Bonnes 901 f\u00eates \u00e0 tous !"},"content":{"rendered":"<p>Les f\u00eates de No\u00ebl sont \u00e0 peine achev\u00e9es qu&#8217;il nous faut d\u00e9j\u00e0 penser au r\u00e9veillon de fin d&#8217;ann\u00e9e ! Nous vous souhaitons d&#8217;\u00eatre bien en forme pour la reprise. Mais le moment est venu de vous donner quelques nouvelles du 901 Moto Club.<\/p>\n<p>Les sorties vont reprendre, d\u00e8s le d\u00e9but de l&#8217;ann\u00e9e, par une demi-journ\u00e9e le dimanche 14 janvier que nous esp\u00e9rons pas trop fra\u00eeche. Elle sera prochainement annonc\u00e9e par la voie habituelle. Le programme du d\u00e9but d&#8217;ann\u00e9e est par ailleurs annonc\u00e9 sur le site du 901 Moto Club au rythme habituel d&#8217;une balade toutes les trois semaines. Toutes les suggestions de balades sont les bienvenues (et attendues). Le plus commode est d&#8217;\u00e9changer sur le groupe Whatsapp afin que chacun puisse donner son avis ! Pour m\u00e9moire, il suffit de poss\u00e9der un t\u00e9l\u00e9phone sous Android ou un iPhone et de charger gratuitement l&#8217;application.<\/p>\n<p>Janvier sera aussi le mois de notre assembl\u00e9e g\u00e9n\u00e9rale annuelle. Elle aura lieu le lundi 22 janvier \u00e0 18 h. L&#8217;endroit vous sera annonc\u00e9 prochainement mais elle se tiendra vraisemblablement chez un valeureux membre du 901 disposant de l&#8217;espace suffisant. Le bureau a choisi un lundi pour tenir l&#8217;assembl\u00e9e. Devinez pourquoi !<\/p>\n<p>Les sujets abord\u00e9s seront classiques : bilan de l&#8217;ann\u00e9e, perspectives, approbation des comptes, approbation du montant des cotisations (sans changement), renouvellement du bureau auxquels s&#8217;ajoutera l&#8217;approbation de l\u00e9g\u00e8res modifications dans les statuts pour les rendre coh\u00e9rents avec notre fonctionnement.<\/p>\n<p>Bon r\u00e9veillon \u00e0 tous<\/p>\n<p>A bient\u00f4t<\/p>\n<p>Jean<\/p>\n","protected":false},"excerpt":{"rendered":"<p>Les f\u00eates de No\u00ebl sont \u00e0 peine achev\u00e9es qu&#8217;il nous faut d\u00e9j\u00e0 penser au r\u00e9veillon de fin d&#8217;ann\u00e9e ! Nous vous souhaitons d&#8217;\u00eatre bien en forme pour la reprise. Mais le moment est venu de vous donner quelques nouvelles du 901 Moto Club. Les sorties vont reprendre, d\u00e8s le d\u00e9but de l&#8217;ann\u00e9e, par une demi-journ\u00e9e [&hellip;]<\/p>\n","protected":false},"author":1,"featured_media":1682,"comment_status":"open","ping_status":"open","sticky":false,"template":"","format":"standard","meta":{"spay_email":"","footnotes":""},"categories":[8],"tags":[],"class_list":["post-1681","post","type-post","status-publish","format-standard","has-post-thumbnail","hentry","category-actualites"],"jetpack_featured_media_url":"https:\/\/i2.wp.com\/901motoclub.fr\/wp-content\/uploads\/2017\/12\/fotomelia-images-gratuites-et-libres-de-droits-3.jpg?fit=2000%2C1115&ssl=1","jetpack_shortlink":"https:\/\/wp.me\/p6Us3q-r7","_links":{"self":[{"href":"https:\/\/901motoclub.fr\/index.php\/wp-json\/wp\/v2\/posts\/1681","targetHints":{"allow":["GET"]}}],"collection":[{"href":"https:\/\/901motoclub.fr\/index.php\/wp-json\/wp\/v2\/posts"}],"about":[{"href":"https:\/\/901motoclub.fr\/index.php\/wp-json\/wp\/v2\/types\/post"}],"author":[{"embeddable":true,"href":"https:\/\/901motoclub.fr\/index.php\/wp-json\/wp\/v2\/users\/1"}],"replies":[{"embeddable":true,"href":"https:\/\/901motoclub.fr\/index.php\/wp-json\/wp\/v2\/comments?post=1681"}],"version-history":[{"count":3,"href":"https:\/\/901motoclub.fr\/index.php\/wp-json\/wp\/v2\/posts\/1681\/revisions"}],"predecessor-version":[{"id":1685,"href":"https:\/\/901motoclub.fr\/index.php\/wp-json\/wp\/v2\/posts\/1681\/revisions\/1685"}],"wp:featuredmedia":[{"embeddable":true,"href":"https:\/\/901motoclub.fr\/index.php\/wp-json\/wp\/v2\/media\/1682"}],"wp:attachment":[{"href":"https:\/\/901motoclub.fr\/index.php\/wp-json\/wp\/v2\/media?parent=1681"}],"wp:term":[{"taxonomy":"category","embeddable":true,"href":"https:\/\/901motoclub.fr\/index.php\/wp-json\/wp\/v2\/categories?post=1681"},{"taxonomy":"post_tag","embeddable":true,"href":"https:\/\/901motoclub.fr\/index.php\/wp-json\/wp\/v2\/tags?post=1681"}],"curies":[{"name":"wp","href":"https:\/\/api.w.org\/{rel}","templated":true}]}}