{"id":1687,"date":"2018-01-03T10:46:45","date_gmt":"2018-01-03T09:46:45","guid":{"rendered":"http:\/\/901motoclub.fr\/?p=1687"},"modified":"2018-01-14T10:07:04","modified_gmt":"2018-01-14T09:07:04","slug":"a-venir-balade-du-14-janvier-2018-autour-de-barjac","status":"publish","type":"post","link":"https:\/\/901motoclub.fr\/index.php\/2018\/01\/03\/a-venir-balade-du-14-janvier-2018-autour-de-barjac\/","title":{"rendered":"A venir : Balade du 21 janvier 2018 autour de Barjac"},"content":{"rendered":"<p><strong>Mise \u00e0 jour : la balade du 14 janvier est repouss\u00e9e au dimanche 21 janvier<\/strong> sous r\u00e9serve d&#8217;un temps &#8220;convenable&#8221;.<\/p>\n<p>Bonne nouvelle ann\u00e9e \u00e0 tous les amis du 901 !<\/p>\n<p><a href=\"https:\/\/i1.wp.com\/901motoclub.fr\/wp-content\/uploads\/2018\/01\/iti-14-01-2018.jpg\"><img loading=\"lazy\" decoding=\"async\" class=\"alignleft wp-image-1689\" src=\"https:\/\/i1.wp.com\/901motoclub.fr\/wp-content\/uploads\/2018\/01\/iti-14-01-2018.jpg?resize=224%2C406\" alt=\"\" width=\"224\" height=\"406\" srcset=\"https:\/\/i1.wp.com\/901motoclub.fr\/wp-content\/uploads\/2018\/01\/iti-14-01-2018.jpg?w=226&amp;ssl=1 226w, https:\/\/i1.wp.com\/901motoclub.fr\/wp-content\/uploads\/2018\/01\/iti-14-01-2018.jpg?resize=166%2C300&amp;ssl=1 166w\" sizes=\"auto, (max-width: 224px) 100vw, 224px\" data-recalc-dims=\"1\" \/><\/a>Mais les f\u00eates\u00a0 s&#8217;\u00e9loignent d\u00e9j\u00e0 et le moment est venu de reprendre notre activit\u00e9 pr\u00e9f\u00e9r\u00e9e, c.a.d. se balader en moto entre copains ! Pour la reprise nous avons pr\u00e9vu une sortie courte qui nous \u00e9vitera de monter en altitude, les hauteurs pouvant \u00eatre d\u00e9licates en moto par les temps qui courent&#8230;Quoi de mieux que de faire un petit circuit entre Ard\u00e8che et Gard autour de Barjac (o\u00f9 nous n&#8217;irons pas) \u00e0 travers des paysages de Gras, de garrigues et for\u00eats m\u00e9diterran\u00e9ennes, en empruntant des routes bien roulantes (mais pas uniquement). Environ 110 km nous attendent. En route donc pour Saint-Andr\u00e9-de-Cruzi\u00e8res puis Beaulieu, Bessas et Vargnas apr\u00e8s \u00eatre pass\u00e9 au sympathique Col de la Serre.<\/p>\n<p>Ensuite la Bastide-de-Virac puis Orgnac l&#8217;Aven, sans toutefois passer par l&#8217;Aven lui-m\u00eame, site incontournable de la r\u00e9gion (mais il ne se visite pas en moto&#8230;). Nous prendrons alors la direction de Laval-Saint Roman avant de reprendre notre route pr\u00e9f\u00e9r\u00e9e, la D901, jusqu&#8217;\u00e0 Montclus o\u00f9 le village m\u00e9di\u00e9val existait avant le <abbr class=\"abbr\" title=\"13\u1d49 si\u00e8cle\"><span class=\"romain\">XIII<\/span><sup>e<\/sup><\/abbr>\u00a0si\u00e8cle. Il reste les vestiges d&#8217;un ancien monast\u00e8re b\u00e9n\u00e9dictin troglodytique, une vaste salle creus\u00e9e dans le roc, au lieu-dit <i>Les Beaumes<\/i> qui servit plus tard de chapelle aux Templiers aux <abbr class=\"abbr\" title=\"12\u1d49 si\u00e8cle\"><span class=\"romain\">XII<\/span><sup>e<\/sup><\/abbr> et <abbr class=\"abbr\" title=\"13\u1d49 si\u00e8cle\"><span class=\"romain\">XIII<\/span><sup>e<\/sup><\/abbr>\u00a0si\u00e8cles. A partir de l\u00e0 nous longerons la C\u00e8ze qui, dit-on, roulait des paillettes d&#8217;or. Nous la traverserons peu avant le Courau pour rejoindre M\u00e9jannes-le-Clap.<\/p>\n<p>Nous redescendrons alors de nouveau vers la C\u00e8ze pour passer le grand pont pr\u00e8s de Tharaux pour remonter en direction de Saint-Sauveur-de-Cruzi\u00e8res que nous n\u2019atteindrons pas car nous obliquerons juste avant par la D255 vers Saint-Ambroix. La suite est habituelle avec un retour par Saint-Br\u00e8s avant de rejoindre Saint-Paul-le-Jeune.<\/p>\n<p>Le rendez-vous est pr\u00e9vu \u00e0 13h30 avec un d\u00e9part au plus tard \u00e0 13h45. Arrivez donc un\u00a0 peu plus t\u00f4t si vous voulez profiter d&#8217;un petit moment sur la terrasse de notre ami Eric au Bar des Sports de Saint-Paul-le-Jeune.<\/p>\n<p>Le trajet de ce dimanche peut \u00eatre t\u00e9l\u00e9charg\u00e9 en format <strong><a href=\"http:\/\/901motoclub.fr\/wp-content\/uploads\/gps\/901-14-01-2018.gpx\">Garmin<\/a><\/strong> ou en format <strong><a href=\"http:\/\/901motoclub.fr\/wp-content\/uploads\/gps\/901-14-01-2018.itn\">Tomtom<\/a><\/strong> ou bien en format <strong><a href=\"http:\/\/901motoclub.fr\/wp-content\/uploads\/gps\/901-14-01-2018.kml\">Google Earth<\/a><\/strong>.<\/p>\n<p>Merci de vous inscrire comme d&#8217;habitude par un commentaire ci-dessous (ou par Whatsapp ou SMS). N&#8217;oubliez pas non plus la date de notre assembl\u00e9e g\u00e9n\u00e9rale qui se tiendra le 22 janvier \u00e0 18h00.<\/p>\n<p>Bonne journ\u00e9e \u00e0 tous<\/p>\n<p>Jean<\/p>\n","protected":false},"excerpt":{"rendered":"<p>Mise \u00e0 jour : la balade du 14 janvier est repouss\u00e9e au dimanche 21 janvier sous r\u00e9serve d&#8217;un temps &#8220;convenable&#8221;. Bonne nouvelle ann\u00e9e \u00e0 tous les amis du 901 ! Mais les f\u00eates\u00a0 s&#8217;\u00e9loignent d\u00e9j\u00e0 et le moment est venu de reprendre notre activit\u00e9 pr\u00e9f\u00e9r\u00e9e, c.a.d. se balader en moto entre copains ! Pour la [&hellip;]<\/p>\n","protected":false},"author":1,"featured_media":1688,"comment_status":"open","ping_status":"open","sticky":false,"template":"","format":"standard","meta":{"spay_email":"","footnotes":""},"categories":[12,3,4],"tags":[],"class_list":["post-1687","post","type-post","status-publish","format-standard","has-post-thumbnail","hentry","category-activites","category-balades","category-demie-journee"],"jetpack_featured_media_url":"https:\/\/i0.wp.com\/901motoclub.fr\/wp-content\/uploads\/2018\/01\/901-14-01-2018.jpg?fit=1131%2C792&ssl=1","jetpack_shortlink":"https:\/\/wp.me\/p6Us3q-rd","_links":{"self":[{"href":"https:\/\/901motoclub.fr\/index.php\/wp-json\/wp\/v2\/posts\/1687","targetHints":{"allow":["GET"]}}],"collection":[{"href":"https:\/\/901motoclub.fr\/index.php\/wp-json\/wp\/v2\/posts"}],"about":[{"href":"https:\/\/901motoclub.fr\/index.php\/wp-json\/wp\/v2\/types\/post"}],"author":[{"embeddable":true,"href":"https:\/\/901motoclub.fr\/index.php\/wp-json\/wp\/v2\/users\/1"}],"replies":[{"embeddable":true,"href":"https:\/\/901motoclub.fr\/index.php\/wp-json\/wp\/v2\/comments?post=1687"}],"version-history":[{"count":5,"href":"https:\/\/901motoclub.fr\/index.php\/wp-json\/wp\/v2\/posts\/1687\/revisions"}],"predecessor-version":[{"id":1699,"href":"https:\/\/901motoclub.fr\/index.php\/wp-json\/wp\/v2\/posts\/1687\/revisions\/1699"}],"wp:featuredmedia":[{"embeddable":true,"href":"https:\/\/901motoclub.fr\/index.php\/wp-json\/wp\/v2\/media\/1688"}],"wp:attachment":[{"href":"https:\/\/901motoclub.fr\/index.php\/wp-json\/wp\/v2\/media?parent=1687"}],"wp:term":[{"taxonomy":"category","embeddable":true,"href":"https:\/\/901motoclub.fr\/index.php\/wp-json\/wp\/v2\/categories?post=1687"},{"taxonomy":"post_tag","embeddable":true,"href":"https:\/\/901motoclub.fr\/index.php\/wp-json\/wp\/v2\/tags?post=1687"}],"curies":[{"name":"wp","href":"https:\/\/api.w.org\/{rel}","templated":true}]}}