{"id":169,"date":"2015-10-11T07:17:40","date_gmt":"2015-10-11T05:17:40","guid":{"rendered":"http:\/\/901motoclub.fr\/?p=169"},"modified":"2015-10-26T08:55:35","modified_gmt":"2015-10-26T07:55:35","slug":"ptite-balade-le-dimanche-18-octobre-2015","status":"publish","type":"post","link":"https:\/\/901motoclub.fr\/index.php\/2015\/10\/11\/ptite-balade-le-dimanche-18-octobre-2015\/","title":{"rendered":"P&#8217;tite balade le dimanche 18 octobre 2015 (report au 25 octobre)"},"content":{"rendered":"<p>Bonjour les amis,<\/p>\n<p>J\u00e9r\u00f4me nous a concoct\u00e9 une courte mais sympathique balade de l&#8217;apr\u00e8s-midi pour dimanche prochain.<br \/>\nDe Saint-Paul, nous partirons vers Saint-Ambroix puis Bess\u00e8ges. Ensuite, direction Aujac et Villefort et retour sur la RD901 par le Col du Mas de l&#8217;Aire et Villefort.<\/p>\n<p>Le trajet est, pour l&#8217;essentiel, bien roulant. La m\u00e9t\u00e9o n&#8217;est pas tr\u00e8s optimiste mais elle a bien le temps de changer d&#8217;ici une semaine !<br \/>\n\u00c9videmment, en cas de mauvais temps, possible en cette saison, la sortie serait report\u00e9e mais vous en serez pr\u00e9venus.<\/p>\n<p>Le rendez-vous est fix\u00e9 \u00e0 13h30 au bar des Sports de Saint-Paul-le-Jeune. Retour au plus tard \u00e0 17h.<\/p>\n<p>Vous pouvez t\u00e9l\u00e9charger l\u2019itin\u00e9raire en format <strong><a href=\"http:\/\/901motoclub.fr\/wp-content\/uploads\/gps\/901-18-10-2015.gpx\">Garmin<\/a><\/strong> ou en format <strong><a href=\"http:\/\/901motoclub.fr\/wp-content\/uploads\/gps\/901-18-10-2015.itn\">Tomtom<\/a><\/strong>. Pour l&#8217;afficher sous <strong><a href=\"http:\/\/901motoclub.fr\/wp-content\/uploads\/gps\/901-18-10-2015.kml\">Google Earth<\/a><\/strong>.<\/p>\n<p>Pour la bonne organisation -tr\u00e8s important &#8211;\u00a0 merci d\u2019indiquer en commentaire de cet article (voir ci-dessous) si vous participez ou non \u00e0 cette balade.<\/p>\n<p>Bonne semaine \u00e0 tous<\/p>\n<p>PS : d&#8217;ici peu vous aurez en ligne sur 901motoclub.fr le compte rendu complet de la r\u00e9union des membres du club qui s&#8217;est tenue samedi 10 octobre, avec les toutes les annonces et d\u00e9cisions prises \u00e0 cette occasion.<\/p>\n","protected":false},"excerpt":{"rendered":"<p>Bonjour les amis, J\u00e9r\u00f4me nous a concoct\u00e9 une courte mais sympathique balade de l&#8217;apr\u00e8s-midi pour dimanche prochain. De Saint-Paul, nous partirons vers Saint-Ambroix puis Bess\u00e8ges. Ensuite, direction Aujac et Villefort et retour sur la RD901 par le Col du Mas de l&#8217;Aire et Villefort. Le trajet est, pour l&#8217;essentiel, bien roulant. La m\u00e9t\u00e9o n&#8217;est pas [&hellip;]<\/p>\n","protected":false},"author":1,"featured_media":170,"comment_status":"open","ping_status":"open","sticky":false,"template":"","format":"standard","meta":{"spay_email":"","footnotes":""},"categories":[12],"tags":[],"class_list":["post-169","post","type-post","status-publish","format-standard","has-post-thumbnail","hentry","category-activites"],"jetpack_featured_media_url":"https:\/\/i1.wp.com\/901motoclub.fr\/wp-content\/uploads\/2015\/10\/Ptite-ballade.png?fit=1359%2C649&ssl=1","jetpack_shortlink":"https:\/\/wp.me\/p6Us3q-2J","_links":{"self":[{"href":"https:\/\/901motoclub.fr\/index.php\/wp-json\/wp\/v2\/posts\/169","targetHints":{"allow":["GET"]}}],"collection":[{"href":"https:\/\/901motoclub.fr\/index.php\/wp-json\/wp\/v2\/posts"}],"about":[{"href":"https:\/\/901motoclub.fr\/index.php\/wp-json\/wp\/v2\/types\/post"}],"author":[{"embeddable":true,"href":"https:\/\/901motoclub.fr\/index.php\/wp-json\/wp\/v2\/users\/1"}],"replies":[{"embeddable":true,"href":"https:\/\/901motoclub.fr\/index.php\/wp-json\/wp\/v2\/comments?post=169"}],"version-history":[{"count":4,"href":"https:\/\/901motoclub.fr\/index.php\/wp-json\/wp\/v2\/posts\/169\/revisions"}],"predecessor-version":[{"id":195,"href":"https:\/\/901motoclub.fr\/index.php\/wp-json\/wp\/v2\/posts\/169\/revisions\/195"}],"wp:featuredmedia":[{"embeddable":true,"href":"https:\/\/901motoclub.fr\/index.php\/wp-json\/wp\/v2\/media\/170"}],"wp:attachment":[{"href":"https:\/\/901motoclub.fr\/index.php\/wp-json\/wp\/v2\/media?parent=169"}],"wp:term":[{"taxonomy":"category","embeddable":true,"href":"https:\/\/901motoclub.fr\/index.php\/wp-json\/wp\/v2\/categories?post=169"},{"taxonomy":"post_tag","embeddable":true,"href":"https:\/\/901motoclub.fr\/index.php\/wp-json\/wp\/v2\/tags?post=169"}],"curies":[{"name":"wp","href":"https:\/\/api.w.org\/{rel}","templated":true}]}}