{"id":1700,"date":"2018-01-14T10:14:14","date_gmt":"2018-01-14T09:14:14","guid":{"rendered":"http:\/\/901motoclub.fr\/?p=1700"},"modified":"2018-01-14T10:14:14","modified_gmt":"2018-01-14T09:14:14","slug":"22-janvier-assemblee-generale-du-901-moto-club","status":"publish","type":"post","link":"https:\/\/901motoclub.fr\/index.php\/2018\/01\/14\/22-janvier-assemblee-generale-du-901-moto-club\/","title":{"rendered":"22 Janvier : Assembl\u00e9e g\u00e9n\u00e9rale du 901 Moto Club"},"content":{"rendered":"<p>Chers amis motards et chers amis du 901 Moto Club,<\/p>\n<p>Notre assembl\u00e9e g\u00e9n\u00e9rale aura lieu le 22 janvier 2018 prochain \u00e0 18 heures. Elle se tiendra chez Philippe et Christine qui mettent \u00e0 notre disposition une grande salle.<\/p>\n<p>L&#8217;AG est ouverte \u00e0 tous les sympathisants. Les anciens du club sont aussi cordialement invit\u00e9s. Ils seront les bienvenus ! Les personnes appel\u00e9es \u00e0 voter sont les membres \u00e0 jour de leur cotisation 2017 et les nouveaux inscrits de fin d&#8217;ann\u00e9e (Christian et Franck).<\/p>\n<p>Le bilan de l&#8217;ann\u00e9e \u00e9coul\u00e9e, les comptes du club, les perspectives de l&#8217;ann\u00e9e \u00e0 venir, le renouvellement du bureau ainsi que des modifications mineures des statuts et du r\u00e8glement du club seront au menu. La fixation des cotisations d\u2019adh\u00e9sion au club sera \u00e9galement \u00e0 l\u2019ordre du jour, propos\u00e9es sans changement.<\/p>\n<p>Ce rendez-vous impos\u00e9 est aussi l&#8217;occasion d&#8217;\u00e9changer sur le fonctionnement du 901 Moto Club et de l&#8217;am\u00e9liorer dans la mesure du possible. Venez nombreux !<\/p>\n<p>L&#8217;assembl\u00e9e g\u00e9n\u00e9rale sera suivie du pot de l&#8217;amiti\u00e9 et, pour ceux qui le souhaiteront, d&#8217;un couscous pr\u00e9par\u00e9 par le restaurant Paprika des Vans. Le co\u00fbt du repas sera de 12 euros \u00e0 r\u00e9gler \u00e0 l&#8217;assembl\u00e9e g\u00e9n\u00e9rale.<\/p>\n<p>Pour la bonne organisation de cette fin d&#8217;apr\u00e8s-midi, merci de nous indiquer votre participation \u00e0 l&#8217;AG et\/ou au repas qui suivra dans le meilleur d\u00e9lai, par tout moyen \u00e0 votre convenance (mail, SMS, Whatsapp, t\u00e9l\u00e9phone). D&#8217;avance merci !<\/p>\n<p>Jean<\/p>\n","protected":false},"excerpt":{"rendered":"<p>Chers amis motards et chers amis du 901 Moto Club, Notre assembl\u00e9e g\u00e9n\u00e9rale aura lieu le 22 janvier 2018 prochain \u00e0 18 heures. Elle se tiendra chez Philippe et Christine qui mettent \u00e0 notre disposition une grande salle. L&#8217;AG est ouverte \u00e0 tous les sympathisants. Les anciens du club sont aussi cordialement invit\u00e9s. Ils seront [&hellip;]<\/p>\n","protected":false},"author":1,"featured_media":0,"comment_status":"open","ping_status":"open","sticky":false,"template":"","format":"standard","meta":{"spay_email":"","footnotes":""},"categories":[8],"tags":[],"class_list":["post-1700","post","type-post","status-publish","format-standard","hentry","category-actualites"],"jetpack_featured_media_url":"","jetpack_shortlink":"https:\/\/wp.me\/p6Us3q-rq","_links":{"self":[{"href":"https:\/\/901motoclub.fr\/index.php\/wp-json\/wp\/v2\/posts\/1700","targetHints":{"allow":["GET"]}}],"collection":[{"href":"https:\/\/901motoclub.fr\/index.php\/wp-json\/wp\/v2\/posts"}],"about":[{"href":"https:\/\/901motoclub.fr\/index.php\/wp-json\/wp\/v2\/types\/post"}],"author":[{"embeddable":true,"href":"https:\/\/901motoclub.fr\/index.php\/wp-json\/wp\/v2\/users\/1"}],"replies":[{"embeddable":true,"href":"https:\/\/901motoclub.fr\/index.php\/wp-json\/wp\/v2\/comments?post=1700"}],"version-history":[{"count":2,"href":"https:\/\/901motoclub.fr\/index.php\/wp-json\/wp\/v2\/posts\/1700\/revisions"}],"predecessor-version":[{"id":1702,"href":"https:\/\/901motoclub.fr\/index.php\/wp-json\/wp\/v2\/posts\/1700\/revisions\/1702"}],"wp:attachment":[{"href":"https:\/\/901motoclub.fr\/index.php\/wp-json\/wp\/v2\/media?parent=1700"}],"wp:term":[{"taxonomy":"category","embeddable":true,"href":"https:\/\/901motoclub.fr\/index.php\/wp-json\/wp\/v2\/categories?post=1700"},{"taxonomy":"post_tag","embeddable":true,"href":"https:\/\/901motoclub.fr\/index.php\/wp-json\/wp\/v2\/tags?post=1700"}],"curies":[{"name":"wp","href":"https:\/\/api.w.org\/{rel}","templated":true}]}}