{"id":1822,"date":"2018-03-25T13:28:30","date_gmt":"2018-03-25T11:28:30","guid":{"rendered":"http:\/\/901motoclub.fr\/?p=1822"},"modified":"2018-03-25T13:28:30","modified_gmt":"2018-03-25T11:28:30","slug":"journees-trajectoires-de-la-ffmc-30-et-de-la-gendarmerie","status":"publish","type":"post","link":"https:\/\/901motoclub.fr\/index.php\/2018\/03\/25\/journees-trajectoires-de-la-ffmc-30-et-de-la-gendarmerie\/","title":{"rendered":"Journ\u00e9es trajectoires de la FFMC 30 et de la Gendarmerie"},"content":{"rendered":"<p><a href=\"https:\/\/i1.wp.com\/901motoclub.fr\/wp-content\/uploads\/2018\/03\/Affiche-JT-2018.jpg\"><img loading=\"lazy\" decoding=\"async\" class=\"alignleft  wp-image-1823\" src=\"https:\/\/i1.wp.com\/901motoclub.fr\/wp-content\/uploads\/2018\/03\/Affiche-JT-2018.jpg?resize=457%2C647\" alt=\"\" width=\"457\" height=\"647\" srcset=\"https:\/\/i1.wp.com\/901motoclub.fr\/wp-content\/uploads\/2018\/03\/Affiche-JT-2018.jpg?w=1346&amp;ssl=1 1346w, https:\/\/i1.wp.com\/901motoclub.fr\/wp-content\/uploads\/2018\/03\/Affiche-JT-2018.jpg?resize=212%2C300&amp;ssl=1 212w, https:\/\/i1.wp.com\/901motoclub.fr\/wp-content\/uploads\/2018\/03\/Affiche-JT-2018.jpg?resize=768%2C1086&amp;ssl=1 768w, https:\/\/i1.wp.com\/901motoclub.fr\/wp-content\/uploads\/2018\/03\/Affiche-JT-2018.jpg?resize=724%2C1024&amp;ssl=1 724w\" sizes=\"auto, (max-width: 457px) 100vw, 457px\" data-recalc-dims=\"1\" \/><\/a>Bonjour les amis du 901 Moto Club,<\/p>\n<p>En Ard\u00e8che, la Gendarmerie organise r\u00e9guli\u00e8rement des journ\u00e9es &#8220;Trajectoires&#8221; (dont nous avions parl\u00e9 l&#8217;an pass\u00e9). Dans le Gard, c&#8217;est la FFMC qui s&#8217;y colle , avec l&#8217;aide de la Gendarmerie.<\/p>\n<p>Pour tous les renseignements et s&#8217;inscrire, c&#8217;est l\u00e0 :<\/p>\n<p><a href=\"http:\/\/www.ffmc30.com\/news\/journees-trajectoires-2018.html\" target=\"_blank\" rel=\"noopener\">http:\/\/www.ffmc30.com\/news\/journees-trajectoires-2018.html<\/a><\/p>\n<p>Bonne journ\u00e9e !<\/p>\n","protected":false},"excerpt":{"rendered":"<p>Bonjour les amis du 901 Moto Club, En Ard\u00e8che, la Gendarmerie organise r\u00e9guli\u00e8rement des journ\u00e9es &#8220;Trajectoires&#8221; (dont nous avions parl\u00e9 l&#8217;an pass\u00e9). Dans le Gard, c&#8217;est la FFMC qui s&#8217;y colle , avec l&#8217;aide de la Gendarmerie. Pour tous les renseignements et s&#8217;inscrire, c&#8217;est l\u00e0 : http:\/\/www.ffmc30.com\/news\/journees-trajectoires-2018.html Bonne journ\u00e9e !<\/p>\n","protected":false},"author":1,"featured_media":0,"comment_status":"open","ping_status":"open","sticky":false,"template":"","format":"standard","meta":{"spay_email":"","footnotes":""},"categories":[8],"tags":[],"class_list":["post-1822","post","type-post","status-publish","format-standard","hentry","category-actualites"],"jetpack_featured_media_url":"","jetpack_shortlink":"https:\/\/wp.me\/p6Us3q-to","_links":{"self":[{"href":"https:\/\/901motoclub.fr\/index.php\/wp-json\/wp\/v2\/posts\/1822","targetHints":{"allow":["GET"]}}],"collection":[{"href":"https:\/\/901motoclub.fr\/index.php\/wp-json\/wp\/v2\/posts"}],"about":[{"href":"https:\/\/901motoclub.fr\/index.php\/wp-json\/wp\/v2\/types\/post"}],"author":[{"embeddable":true,"href":"https:\/\/901motoclub.fr\/index.php\/wp-json\/wp\/v2\/users\/1"}],"replies":[{"embeddable":true,"href":"https:\/\/901motoclub.fr\/index.php\/wp-json\/wp\/v2\/comments?post=1822"}],"version-history":[{"count":1,"href":"https:\/\/901motoclub.fr\/index.php\/wp-json\/wp\/v2\/posts\/1822\/revisions"}],"predecessor-version":[{"id":1824,"href":"https:\/\/901motoclub.fr\/index.php\/wp-json\/wp\/v2\/posts\/1822\/revisions\/1824"}],"wp:attachment":[{"href":"https:\/\/901motoclub.fr\/index.php\/wp-json\/wp\/v2\/media?parent=1822"}],"wp:term":[{"taxonomy":"category","embeddable":true,"href":"https:\/\/901motoclub.fr\/index.php\/wp-json\/wp\/v2\/categories?post=1822"},{"taxonomy":"post_tag","embeddable":true,"href":"https:\/\/901motoclub.fr\/index.php\/wp-json\/wp\/v2\/tags?post=1822"}],"curies":[{"name":"wp","href":"https:\/\/api.w.org\/{rel}","templated":true}]}}