{"id":2045,"date":"2018-08-16T10:33:41","date_gmt":"2018-08-16T08:33:41","guid":{"rendered":"https:\/\/901motoclub.fr\/?p=2045"},"modified":"2018-08-16T10:35:38","modified_gmt":"2018-08-16T08:35:38","slug":"a-venir-balade-du-26-aout-2018-vers-le-sud-de-la-margeride","status":"publish","type":"post","link":"https:\/\/901motoclub.fr\/index.php\/2018\/08\/16\/a-venir-balade-du-26-aout-2018-vers-le-sud-de-la-margeride\/","title":{"rendered":"A venir : Balade du 26 ao\u00fbt 2018 vers le sud de la Margeride"},"content":{"rendered":"<p>Bonjour les amis du 901 Moto Club !<\/p>\n<p>Les tr\u00e8s grosses chaleurs se sont dissip\u00e9es mais il est encore temps de profiter de la fra\u00eecheur des hauts plateaux ! Notre balade de reprise nous emm\u00e8nera vers le sud de la Margeride o\u00f9 les 20\u00b0 attendus nous feront oublier les 30\u00b0 qui nous sont promis \u00e0 Saint-Paul-le-Jeune en cet apr\u00e8s-midi du dimanche 26 ao\u00fbt. C&#8217;est dire s&#8217;il va falloir r\u00e9fl\u00e9chir un peu \u00e0 la fa\u00e7on de nous \u00e9quiper&#8230;<\/p>\n<p>Nous prendrons la direction de Villefort puis la route de Mende par le Bleymard, Saint-Julien-du-Tournel en suivant sagement la D901. Arriv\u00e9s \u00e0 Chadenet nous obliquerons sur la droite et rejoindrons un peu plus loin la N88, tr\u00e8s roulante, en direction de Chateauneuf-de-Randon, o\u00f9 le c\u00e9l\u00e8bre Du Gesclin trouva le tr\u00e9pas pendant la guerre de 100 ans, ainsi que la pierre branlante que nous irons voir si nous en avons le temps. Dans le cas contraire, nous emprunterons un raccourci !<\/p>\n<p>Le retour se fera par Montbel, Belvezet, Chasserad\u00e8s avant de rejoindre Pr\u00e9vench\u00e8res. Selon le temps qu&#8217;il nous restera, passer par la vall\u00e9e du Chassezac et Pied-de-Borne serait une option. Dans tous les cas, le retour au Bar des Sports est pr\u00e9vu en fin d\u2019apr\u00e8s-midi apr\u00e8s un parcours d&#8217;au moins 175 km.<\/p>\n<p>Comme d&#8217;habitude, le rendez-vous est au Bar des Sports de Saint-Paul-le-Jeune et <strong>le d\u00e9part s&#8217;effectuera au plus tard \u00e0 13h30<\/strong> ! Merci de vous inscrire par un commentaire sur le site ou sur Whatsapp. Si nous ne pouvez pas venir, nous appr\u00e9cions aussi un petit mot pour le dire&#8230;<\/p>\n<p>Les amateurs d&#8217;itin\u00e9raires pourront le trouver en suivant le lien pour la version en format <strong><a href=\"http:\/\/901motoclub.fr\/wp-content\/uploads\/gps\/901-26-08-2018.gpx\">Garmin<\/a><\/strong> ou en format <strong><a href=\"http:\/\/901motoclub.fr\/wp-content\/uploads\/gps\/901-26-08-2018.itn\">Tomtom<\/a><\/strong> .<\/p>\n","protected":false},"excerpt":{"rendered":"<p>Bonjour les amis du 901 Moto Club ! Les tr\u00e8s grosses chaleurs se sont dissip\u00e9es mais il est encore temps de profiter de la fra\u00eecheur des hauts plateaux ! Notre balade de reprise nous emm\u00e8nera vers le sud de la Margeride o\u00f9 les 20\u00b0 attendus nous feront oublier les 30\u00b0 qui nous sont promis \u00e0 [&hellip;]<\/p>\n","protected":false},"author":1,"featured_media":2046,"comment_status":"open","ping_status":"open","sticky":false,"template":"","format":"standard","meta":{"spay_email":"","footnotes":""},"categories":[12,3,4],"tags":[],"class_list":["post-2045","post","type-post","status-publish","format-standard","has-post-thumbnail","hentry","category-activites","category-balades","category-demie-journee"],"jetpack_featured_media_url":"https:\/\/i1.wp.com\/901motoclub.fr\/wp-content\/uploads\/2018\/08\/901-26-08-2018.jpg?fit=1290%2C847&ssl=1","jetpack_shortlink":"https:\/\/wp.me\/p6Us3q-wZ","_links":{"self":[{"href":"https:\/\/901motoclub.fr\/index.php\/wp-json\/wp\/v2\/posts\/2045","targetHints":{"allow":["GET"]}}],"collection":[{"href":"https:\/\/901motoclub.fr\/index.php\/wp-json\/wp\/v2\/posts"}],"about":[{"href":"https:\/\/901motoclub.fr\/index.php\/wp-json\/wp\/v2\/types\/post"}],"author":[{"embeddable":true,"href":"https:\/\/901motoclub.fr\/index.php\/wp-json\/wp\/v2\/users\/1"}],"replies":[{"embeddable":true,"href":"https:\/\/901motoclub.fr\/index.php\/wp-json\/wp\/v2\/comments?post=2045"}],"version-history":[{"count":4,"href":"https:\/\/901motoclub.fr\/index.php\/wp-json\/wp\/v2\/posts\/2045\/revisions"}],"predecessor-version":[{"id":2050,"href":"https:\/\/901motoclub.fr\/index.php\/wp-json\/wp\/v2\/posts\/2045\/revisions\/2050"}],"wp:featuredmedia":[{"embeddable":true,"href":"https:\/\/901motoclub.fr\/index.php\/wp-json\/wp\/v2\/media\/2046"}],"wp:attachment":[{"href":"https:\/\/901motoclub.fr\/index.php\/wp-json\/wp\/v2\/media?parent=2045"}],"wp:term":[{"taxonomy":"category","embeddable":true,"href":"https:\/\/901motoclub.fr\/index.php\/wp-json\/wp\/v2\/categories?post=2045"},{"taxonomy":"post_tag","embeddable":true,"href":"https:\/\/901motoclub.fr\/index.php\/wp-json\/wp\/v2\/tags?post=2045"}],"curies":[{"name":"wp","href":"https:\/\/api.w.org\/{rel}","templated":true}]}}