{"id":2292,"date":"2019-02-06T11:44:31","date_gmt":"2019-02-06T10:44:31","guid":{"rendered":"https:\/\/901motoclub.fr\/?p=2292"},"modified":"2019-02-06T11:44:31","modified_gmt":"2019-02-06T10:44:31","slug":"a-venir-balade-du-17-fevrier-2019-vers-roussillon","status":"publish","type":"post","link":"https:\/\/901motoclub.fr\/index.php\/2019\/02\/06\/a-venir-balade-du-17-fevrier-2019-vers-roussillon\/","title":{"rendered":"A venir : Balade du 17 f\u00e9vrier 2019 vers Roussillon"},"content":{"rendered":"<p>Bonjour les amis,<\/p>\n<p>La sortie du 17 f\u00e9vrier prochain est d\u00e9sormais arr\u00eat\u00e9e ! C&#8217;est encore l&#8217;hiver, aussi nous partirons vers le sud-est, direction le Luberon (Lubeuron disent les parisiens, Lub\u00e9ron disent les locaux&#8230;). Nous allons reprendre une de nos balades de l&#8217;ann\u00e9e 2015 dont les plus anciens (du 901) se souviennent s\u00fbrement, celle du 29 novembre 2015 vers le village de Gordes. Dress\u00e9 au bord du plateau du Vaucluse, Gordes compte parmi les villages-vedettes du Luberon o\u00f9 de nombreuses c\u00e9l\u00e9brit\u00e9s et artistes ont \u00e9lu domicile. Ses maisons en pierre s\u00e8che de couleur blanche ou grise s\u2019alignent en spirale autour du rocher sur lequel est pos\u00e9 le village avec \u00e0 son sommet l\u2019\u00e9glise et le ch\u00e2teau.<\/p>\n<p>Puis, nous poursuivrons vers Roussillon, c\u00e9l\u00e8bre pour la richesse de ses <a title=\"Ocre\" href=\"https:\/\/fr.wikipedia.org\/wiki\/Ocre\">ocres<\/a>. De grandes carri\u00e8res ont \u00e9t\u00e9 exploit\u00e9es depuis la fin du <abbr class=\"abbr\" title=\"18\u1d49 si\u00e8cle\"><span class=\"romain\">XVIII<\/span><sup>e<\/sup><\/abbr>\u00a0si\u00e8cle et ont employ\u00e9 mille personnes jusqu&#8217;en 1930 mais attention, afin de ralentir les d\u00e9gradations du site, il est d\u00e9sormais interdit d&#8217;en ramasser sous peine d&#8217;amende.<\/p>\n<p>Rendez vous donc au Bar des Sport \u00e0 Saint-Paul-le-Jeune pour un <strong>d\u00e9part \u00e0 9h<\/strong> au plus tard (le plein fait). Le trajet sera le suivant : Saint-Paul, Barjac, Bagnols-sur-C\u00e8ze, Avignon puis Gordes. Si nous avons le temps, nous ferons un petit d\u00e9tour par Fontaine-de-Vaucluse, endroit fort sympathique, n&#8217;est-ce-pas Marie et Jean-Pierre ! Le repas est pr\u00e9vu \u00e0 Roussillon, peut \u00eatre au Caf\u00e9 des Couleurs que nous avions bien appr\u00e9ci\u00e9 cet ann\u00e9e-l\u00e0 puis retour par Carpentras, Jonqui\u00e8res, Orange, puis \u00e0 nouveau Bagnols-sur-C\u00e8ze. Ensuite Lussan, Saint-Ambroix et retour au point de d\u00e9part.<\/p>\n<p>Vous pouvez\u00a0 bien entendu t\u00e9l\u00e9charger l\u2019itin\u00e9raire en format <strong><a href=\"http:\/\/901motoclub.fr\/wp-content\/uploads\/gps\/901-17-02-2019.gpx\">Garmin<\/a><\/strong> ou en format <strong><a href=\"http:\/\/901motoclub.fr\/wp-content\/uploads\/gps\/901-17-02-2019.itn\">Tomtom<\/a><\/strong>.<\/p>\n<p>Comme d\u2019habitude, <strong>merci de vous inscrire <\/strong>par un commentaire de l\u2019article (ou un sms ou un message sur Whatsapp). Cette recommandation est d\u2019autant plus importante qu\u2019il nous faut faire une r\u00e9servation pour le midi.<\/p>\n<p>Ah, j&#8217;oubliais&#8230; les cartes de membres seront remises au d\u00e9part de la balade \u00e0 ceux qui sont \u00e0 jour de leur cotisation !<\/p>\n<p>A bient\u00f4t<\/p>\n<p>Jean<\/p>\n","protected":false},"excerpt":{"rendered":"<p>Bonjour les amis, La sortie du 17 f\u00e9vrier prochain est d\u00e9sormais arr\u00eat\u00e9e ! C&#8217;est encore l&#8217;hiver, aussi nous partirons vers le sud-est, direction le Luberon (Lubeuron disent les parisiens, Lub\u00e9ron disent les locaux&#8230;). Nous allons reprendre une de nos balades de l&#8217;ann\u00e9e 2015 dont les plus anciens (du 901) se souviennent s\u00fbrement, celle du 29 [&hellip;]<\/p>\n","protected":false},"author":1,"featured_media":2293,"comment_status":"open","ping_status":"open","sticky":false,"template":"","format":"standard","meta":{"spay_email":"","footnotes":""},"categories":[8,3,5],"tags":[],"class_list":["post-2292","post","type-post","status-publish","format-standard","has-post-thumbnail","hentry","category-actualites","category-balades","category-journee"],"jetpack_featured_media_url":"https:\/\/i1.wp.com\/901motoclub.fr\/wp-content\/uploads\/2019\/02\/901-17-02-2019.jpg?fit=1284%2C828&ssl=1","jetpack_shortlink":"https:\/\/wp.me\/p6Us3q-AY","_links":{"self":[{"href":"https:\/\/901motoclub.fr\/index.php\/wp-json\/wp\/v2\/posts\/2292","targetHints":{"allow":["GET"]}}],"collection":[{"href":"https:\/\/901motoclub.fr\/index.php\/wp-json\/wp\/v2\/posts"}],"about":[{"href":"https:\/\/901motoclub.fr\/index.php\/wp-json\/wp\/v2\/types\/post"}],"author":[{"embeddable":true,"href":"https:\/\/901motoclub.fr\/index.php\/wp-json\/wp\/v2\/users\/1"}],"replies":[{"embeddable":true,"href":"https:\/\/901motoclub.fr\/index.php\/wp-json\/wp\/v2\/comments?post=2292"}],"version-history":[{"count":1,"href":"https:\/\/901motoclub.fr\/index.php\/wp-json\/wp\/v2\/posts\/2292\/revisions"}],"predecessor-version":[{"id":2294,"href":"https:\/\/901motoclub.fr\/index.php\/wp-json\/wp\/v2\/posts\/2292\/revisions\/2294"}],"wp:featuredmedia":[{"embeddable":true,"href":"https:\/\/901motoclub.fr\/index.php\/wp-json\/wp\/v2\/media\/2293"}],"wp:attachment":[{"href":"https:\/\/901motoclub.fr\/index.php\/wp-json\/wp\/v2\/media?parent=2292"}],"wp:term":[{"taxonomy":"category","embeddable":true,"href":"https:\/\/901motoclub.fr\/index.php\/wp-json\/wp\/v2\/categories?post=2292"},{"taxonomy":"post_tag","embeddable":true,"href":"https:\/\/901motoclub.fr\/index.php\/wp-json\/wp\/v2\/tags?post=2292"}],"curies":[{"name":"wp","href":"https:\/\/api.w.org\/{rel}","templated":true}]}}