{"id":2334,"date":"2019-03-13T17:27:26","date_gmt":"2019-03-13T16:27:26","guid":{"rendered":"https:\/\/901motoclub.fr\/?p=2334"},"modified":"2019-03-13T17:27:26","modified_gmt":"2019-03-13T16:27:26","slug":"balade-du-10-mars-2019-saint-maurice-de-ventalon","status":"publish","type":"post","link":"https:\/\/901motoclub.fr\/index.php\/2019\/03\/13\/balade-du-10-mars-2019-saint-maurice-de-ventalon\/","title":{"rendered":"Balade du 10 mars 2019 : Saint-Maurice-de-Ventalon"},"content":{"rendered":"<p>Bonjour \u00e0 tous,<\/p>\n<p>&#8220;On s&#8217;est perdu de vue, on s&#8217;est r&#8217;perdu d&#8217;vue, on s&#8217;est retrouv\u00e9&#8221; chantait Jeanne Moreau dans une chanson c\u00e9l\u00e8bre&#8230; Et bien nous, c&#8217;\u00e9tait pareil !<\/p>\n<p>Pour cette sortie, 12 motos \u00e9taient inscrites, 10 sont venues. Suffisamment nombreuses quand m\u00eame, pour envisager deux groupes afin d&#8217;am\u00e9liorer la s\u00e9curit\u00e9 du roulage. Aussit\u00f4t dit, aussit\u00f4t fait, Denis emmenant un groupe dont Jean-Pierre assurait la fermeture, Philippe assurant les arri\u00e8res de celui que j\u2019emmenais. Mais faute de points clairs de rendez-vous et d&#8217;un itin\u00e9raire capricieux, nous nous sommes perdus de vue, retrouv\u00e9s, etc..<\/p>\n<p>Le soleil se montra aussi capricieux que mon GPS (ou mon attention) et le temps f\u00fbt plut\u00f4t couvert \u00e0 l&#8217;exception de la redescente vers Saint-Paul-le-Jeune au retour. Un peu d&#8217;humidit\u00e9 due \u00e0 une brume l\u00e9g\u00e8re une fois les 900 m d&#8217;altitude d\u00e9pass\u00e9s sans v\u00e9ritable pluie et sans que le thermom\u00e8tre ne descende gu\u00e8re pour autant en dessous des 10\u00b0. Mais les paysages c\u00e9venols \u00e9taient bien l\u00e0, paraissant sortis d&#8217;un temps maintenant r\u00e9volu, m\u00eame si les nombreuses r\u00e9novations des mas et fermes montrent que la r\u00e9gion reste attractive. Les troupeaux de ch\u00e8vres et de moutons rencontr\u00e9s sur la route t\u00e9moignent aussi d&#8217;une vie rurale encore bien active. En particulier sur la toute petite route prise \u00e0 gauche\u00a0 au Col de Prentigarde, \u00e0 partir de la D13, que le premier groupe a emprunt\u00e9 (conduit par un GPS capricieux) en vue de Saint-Germain-de-Calberte : des \u00e9pingles gravillonneuses, en veux-tu, en voil\u00e0, et des fermes bien vivantes !<\/p>\n<p>Malheureusement, pas de bar ouvert pour la pause \u00e0 Saint-Germain-de-Calberte, ni au Col de Jalcreste ou le groupe de Denis attendait paisiblement (enfin, nous le supposons&#8230;) que nous les rejoignons ! Ni plus loin \u00e0 Vialias. Le premier bistrot ouvert f\u00fbt aper\u00e7u \u00e0 Bess\u00e8ges o\u00f9 nous avons d\u00e9cid\u00e9 de plut\u00f4t rejoindre le Bar des Sports de Saint-Paul o\u00f9 Eric nous re\u00e7u, comme d&#8217;habitude avec un grand plaisir.<\/p>\n<p>L\u2019itin\u00e9raire, en tout cas celui que nous voulions faire, est comme d\u2019habitude t\u00e9l\u00e9chargeable\u00a0 en format <strong><a href=\"http:\/\/901motoclub.fr\/wp-content\/uploads\/gps\/901-10-03-2019.gpx\">Garmin<\/a><\/strong> ou en format <strong><a href=\"http:\/\/901motoclub.fr\/wp-content\/uploads\/gps\/901-10-03-2019.ov2\">Tomtom<\/a><\/strong><\/p>\n<p>La prochaine sortie, sur la journ\u00e9e compl\u00e8te, aura lieu le dimanche 31 mars !<\/p>\n<p>Au fait, les photos sont toutes de Ghislaine.<\/p>\n<p>Jean<\/p>\n<p>&nbsp;<\/p>\n\n\t\t<style type=\"text\/css\">\n\t\t\t#gallery-1 {\n\t\t\t\tmargin: auto;\n\t\t\t}\n\t\t\t#gallery-1 .gallery-item {\n\t\t\t\tfloat: left;\n\t\t\t\tmargin-top: 10px;\n\t\t\t\ttext-align: center;\n\t\t\t\twidth: 33%;\n\t\t\t}\n\t\t\t#gallery-1 img {\n\t\t\t\tborder: 2px solid #cfcfcf;\n\t\t\t}\n\t\t\t#gallery-1 .gallery-caption {\n\t\t\t\tmargin-left: 0;\n\t\t\t}\n\t\t\t\/* see gallery_shortcode() in wp-includes\/media.php *\/\n\t\t<\/style>\n\t\t<div id='gallery-1' class='gallery galleryid-2334 gallery-columns-3 gallery-size-medium'><dl class='gallery-item'>\n\t\t\t<dt class='gallery-icon landscape'>\n\t\t\t\t<a href='https:\/\/i1.wp.com\/901motoclub.fr\/wp-content\/uploads\/2019\/03\/901-10-03-2019-3.jpg?ssl=1'><img loading=\"lazy\" decoding=\"async\" width=\"300\" height=\"169\" src=\"https:\/\/i1.wp.com\/901motoclub.fr\/wp-content\/uploads\/2019\/03\/901-10-03-2019-3.jpg?fit=300%2C169&amp;ssl=1\" class=\"attachment-medium size-medium\" alt=\"\" srcset=\"https:\/\/i1.wp.com\/901motoclub.fr\/wp-content\/uploads\/2019\/03\/901-10-03-2019-3.jpg?w=1600&amp;ssl=1 1600w, https:\/\/i1.wp.com\/901motoclub.fr\/wp-content\/uploads\/2019\/03\/901-10-03-2019-3.jpg?resize=300%2C169&amp;ssl=1 300w, https:\/\/i1.wp.com\/901motoclub.fr\/wp-content\/uploads\/2019\/03\/901-10-03-2019-3.jpg?resize=768%2C432&amp;ssl=1 768w\" sizes=\"auto, (max-width: 300px) 100vw, 300px\" \/><\/a>\n\t\t\t<\/dt><\/dl><dl class='gallery-item'>\n\t\t\t<dt class='gallery-icon landscape'>\n\t\t\t\t<a href='https:\/\/i1.wp.com\/901motoclub.fr\/wp-content\/uploads\/2019\/03\/901-10-03-2019-2.jpg?ssl=1'><img loading=\"lazy\" decoding=\"async\" width=\"300\" height=\"169\" src=\"https:\/\/i1.wp.com\/901motoclub.fr\/wp-content\/uploads\/2019\/03\/901-10-03-2019-2.jpg?fit=300%2C169&amp;ssl=1\" class=\"attachment-medium size-medium\" alt=\"\" srcset=\"https:\/\/i1.wp.com\/901motoclub.fr\/wp-content\/uploads\/2019\/03\/901-10-03-2019-2.jpg?w=1600&amp;ssl=1 1600w, https:\/\/i1.wp.com\/901motoclub.fr\/wp-content\/uploads\/2019\/03\/901-10-03-2019-2.jpg?resize=300%2C169&amp;ssl=1 300w, https:\/\/i1.wp.com\/901motoclub.fr\/wp-content\/uploads\/2019\/03\/901-10-03-2019-2.jpg?resize=768%2C432&amp;ssl=1 768w\" sizes=\"auto, (max-width: 300px) 100vw, 300px\" \/><\/a>\n\t\t\t<\/dt><\/dl><dl class='gallery-item'>\n\t\t\t<dt class='gallery-icon landscape'>\n\t\t\t\t<a href='https:\/\/i0.wp.com\/901motoclub.fr\/wp-content\/uploads\/2019\/03\/901-10-03-2019-4.jpg?ssl=1'><img loading=\"lazy\" decoding=\"async\" width=\"300\" height=\"169\" src=\"https:\/\/i0.wp.com\/901motoclub.fr\/wp-content\/uploads\/2019\/03\/901-10-03-2019-4.jpg?fit=300%2C169&amp;ssl=1\" class=\"attachment-medium size-medium\" alt=\"\" srcset=\"https:\/\/i0.wp.com\/901motoclub.fr\/wp-content\/uploads\/2019\/03\/901-10-03-2019-4.jpg?w=1600&amp;ssl=1 1600w, https:\/\/i0.wp.com\/901motoclub.fr\/wp-content\/uploads\/2019\/03\/901-10-03-2019-4.jpg?resize=300%2C169&amp;ssl=1 300w, https:\/\/i0.wp.com\/901motoclub.fr\/wp-content\/uploads\/2019\/03\/901-10-03-2019-4.jpg?resize=768%2C432&amp;ssl=1 768w\" sizes=\"auto, (max-width: 300px) 100vw, 300px\" \/><\/a>\n\t\t\t<\/dt><\/dl><br style=\"clear: both\" \/><dl class='gallery-item'>\n\t\t\t<dt class='gallery-icon landscape'>\n\t\t\t\t<a href='https:\/\/i0.wp.com\/901motoclub.fr\/wp-content\/uploads\/2019\/03\/901-10-03-2019-5.jpg?ssl=1'><img loading=\"lazy\" decoding=\"async\" width=\"300\" height=\"169\" src=\"https:\/\/i0.wp.com\/901motoclub.fr\/wp-content\/uploads\/2019\/03\/901-10-03-2019-5.jpg?fit=300%2C169&amp;ssl=1\" class=\"attachment-medium size-medium\" alt=\"\" srcset=\"https:\/\/i0.wp.com\/901motoclub.fr\/wp-content\/uploads\/2019\/03\/901-10-03-2019-5.jpg?w=1600&amp;ssl=1 1600w, https:\/\/i0.wp.com\/901motoclub.fr\/wp-content\/uploads\/2019\/03\/901-10-03-2019-5.jpg?resize=300%2C169&amp;ssl=1 300w, https:\/\/i0.wp.com\/901motoclub.fr\/wp-content\/uploads\/2019\/03\/901-10-03-2019-5.jpg?resize=768%2C432&amp;ssl=1 768w\" sizes=\"auto, (max-width: 300px) 100vw, 300px\" \/><\/a>\n\t\t\t<\/dt><\/dl><dl class='gallery-item'>\n\t\t\t<dt class='gallery-icon landscape'>\n\t\t\t\t<a href='https:\/\/i2.wp.com\/901motoclub.fr\/wp-content\/uploads\/2019\/03\/901-10-03-2019-7.jpg?ssl=1'><img loading=\"lazy\" decoding=\"async\" width=\"300\" height=\"169\" src=\"https:\/\/i2.wp.com\/901motoclub.fr\/wp-content\/uploads\/2019\/03\/901-10-03-2019-7.jpg?fit=300%2C169&amp;ssl=1\" class=\"attachment-medium size-medium\" alt=\"\" srcset=\"https:\/\/i2.wp.com\/901motoclub.fr\/wp-content\/uploads\/2019\/03\/901-10-03-2019-7.jpg?w=1600&amp;ssl=1 1600w, https:\/\/i2.wp.com\/901motoclub.fr\/wp-content\/uploads\/2019\/03\/901-10-03-2019-7.jpg?resize=300%2C169&amp;ssl=1 300w, https:\/\/i2.wp.com\/901motoclub.fr\/wp-content\/uploads\/2019\/03\/901-10-03-2019-7.jpg?resize=768%2C432&amp;ssl=1 768w\" sizes=\"auto, (max-width: 300px) 100vw, 300px\" \/><\/a>\n\t\t\t<\/dt><\/dl><dl class='gallery-item'>\n\t\t\t<dt class='gallery-icon landscape'>\n\t\t\t\t<a href='https:\/\/i2.wp.com\/901motoclub.fr\/wp-content\/uploads\/2019\/03\/901-10-03-2019-8.jpg?ssl=1'><img loading=\"lazy\" decoding=\"async\" width=\"300\" height=\"169\" src=\"https:\/\/i2.wp.com\/901motoclub.fr\/wp-content\/uploads\/2019\/03\/901-10-03-2019-8.jpg?fit=300%2C169&amp;ssl=1\" class=\"attachment-medium size-medium\" alt=\"\" srcset=\"https:\/\/i2.wp.com\/901motoclub.fr\/wp-content\/uploads\/2019\/03\/901-10-03-2019-8.jpg?w=1600&amp;ssl=1 1600w, https:\/\/i2.wp.com\/901motoclub.fr\/wp-content\/uploads\/2019\/03\/901-10-03-2019-8.jpg?resize=300%2C169&amp;ssl=1 300w, https:\/\/i2.wp.com\/901motoclub.fr\/wp-content\/uploads\/2019\/03\/901-10-03-2019-8.jpg?resize=768%2C432&amp;ssl=1 768w\" sizes=\"auto, (max-width: 300px) 100vw, 300px\" \/><\/a>\n\t\t\t<\/dt><\/dl><br style=\"clear: both\" \/><dl class='gallery-item'>\n\t\t\t<dt class='gallery-icon landscape'>\n\t\t\t\t<a href='https:\/\/i1.wp.com\/901motoclub.fr\/wp-content\/uploads\/2019\/03\/901-10-03-2019-11.jpg?ssl=1'><img loading=\"lazy\" decoding=\"async\" width=\"300\" height=\"169\" src=\"https:\/\/i1.wp.com\/901motoclub.fr\/wp-content\/uploads\/2019\/03\/901-10-03-2019-11.jpg?fit=300%2C169&amp;ssl=1\" class=\"attachment-medium size-medium\" alt=\"\" srcset=\"https:\/\/i1.wp.com\/901motoclub.fr\/wp-content\/uploads\/2019\/03\/901-10-03-2019-11.jpg?w=1600&amp;ssl=1 1600w, https:\/\/i1.wp.com\/901motoclub.fr\/wp-content\/uploads\/2019\/03\/901-10-03-2019-11.jpg?resize=300%2C169&amp;ssl=1 300w, https:\/\/i1.wp.com\/901motoclub.fr\/wp-content\/uploads\/2019\/03\/901-10-03-2019-11.jpg?resize=768%2C432&amp;ssl=1 768w\" sizes=\"auto, (max-width: 300px) 100vw, 300px\" \/><\/a>\n\t\t\t<\/dt><\/dl><dl class='gallery-item'>\n\t\t\t<dt class='gallery-icon landscape'>\n\t\t\t\t<a href='https:\/\/i0.wp.com\/901motoclub.fr\/wp-content\/uploads\/2019\/03\/901-10-03-2019-10.jpg?ssl=1'><img loading=\"lazy\" decoding=\"async\" width=\"300\" height=\"169\" src=\"https:\/\/i0.wp.com\/901motoclub.fr\/wp-content\/uploads\/2019\/03\/901-10-03-2019-10.jpg?fit=300%2C169&amp;ssl=1\" class=\"attachment-medium size-medium\" alt=\"\" srcset=\"https:\/\/i0.wp.com\/901motoclub.fr\/wp-content\/uploads\/2019\/03\/901-10-03-2019-10.jpg?w=1600&amp;ssl=1 1600w, https:\/\/i0.wp.com\/901motoclub.fr\/wp-content\/uploads\/2019\/03\/901-10-03-2019-10.jpg?resize=300%2C169&amp;ssl=1 300w, https:\/\/i0.wp.com\/901motoclub.fr\/wp-content\/uploads\/2019\/03\/901-10-03-2019-10.jpg?resize=768%2C432&amp;ssl=1 768w\" sizes=\"auto, (max-width: 300px) 100vw, 300px\" \/><\/a>\n\t\t\t<\/dt><\/dl><dl class='gallery-item'>\n\t\t\t<dt class='gallery-icon landscape'>\n\t\t\t\t<a href='https:\/\/i0.wp.com\/901motoclub.fr\/wp-content\/uploads\/2019\/03\/901-10-03-2019-1.jpg?ssl=1'><img loading=\"lazy\" decoding=\"async\" width=\"300\" height=\"181\" src=\"https:\/\/i0.wp.com\/901motoclub.fr\/wp-content\/uploads\/2019\/03\/901-10-03-2019-1.jpg?fit=300%2C181&amp;ssl=1\" class=\"attachment-medium size-medium\" alt=\"\" srcset=\"https:\/\/i0.wp.com\/901motoclub.fr\/wp-content\/uploads\/2019\/03\/901-10-03-2019-1.jpg?w=1600&amp;ssl=1 1600w, https:\/\/i0.wp.com\/901motoclub.fr\/wp-content\/uploads\/2019\/03\/901-10-03-2019-1.jpg?resize=300%2C181&amp;ssl=1 300w, https:\/\/i0.wp.com\/901motoclub.fr\/wp-content\/uploads\/2019\/03\/901-10-03-2019-1.jpg?resize=768%2C463&amp;ssl=1 768w\" sizes=\"auto, (max-width: 300px) 100vw, 300px\" \/><\/a>\n\t\t\t<\/dt><\/dl><br style=\"clear: both\" \/>\n\t\t<\/div>\n\n","protected":false},"excerpt":{"rendered":"<p>Bonjour \u00e0 tous, &#8220;On s&#8217;est perdu de vue, on s&#8217;est r&#8217;perdu d&#8217;vue, on s&#8217;est retrouv\u00e9&#8221; chantait Jeanne Moreau dans une chanson c\u00e9l\u00e8bre&#8230; Et bien nous, c&#8217;\u00e9tait pareil ! Pour cette sortie, 12 motos \u00e9taient inscrites, 10 sont venues. Suffisamment nombreuses quand m\u00eame, pour envisager deux groupes afin d&#8217;am\u00e9liorer la s\u00e9curit\u00e9 du roulage. Aussit\u00f4t dit, aussit\u00f4t [&hellip;]<\/p>\n","protected":false},"author":1,"featured_media":2342,"comment_status":"open","ping_status":"open","sticky":false,"template":"","format":"standard","meta":{"spay_email":"","footnotes":""},"categories":[3,4],"tags":[],"class_list":["post-2334","post","type-post","status-publish","format-standard","has-post-thumbnail","hentry","category-balades","category-demie-journee"],"jetpack_featured_media_url":"https:\/\/i2.wp.com\/901motoclub.fr\/wp-content\/uploads\/2019\/03\/901-10-03-2019-7.jpg?fit=1600%2C901&ssl=1","jetpack_shortlink":"https:\/\/wp.me\/p6Us3q-BE","_links":{"self":[{"href":"https:\/\/901motoclub.fr\/index.php\/wp-json\/wp\/v2\/posts\/2334","targetHints":{"allow":["GET"]}}],"collection":[{"href":"https:\/\/901motoclub.fr\/index.php\/wp-json\/wp\/v2\/posts"}],"about":[{"href":"https:\/\/901motoclub.fr\/index.php\/wp-json\/wp\/v2\/types\/post"}],"author":[{"embeddable":true,"href":"https:\/\/901motoclub.fr\/index.php\/wp-json\/wp\/v2\/users\/1"}],"replies":[{"embeddable":true,"href":"https:\/\/901motoclub.fr\/index.php\/wp-json\/wp\/v2\/comments?post=2334"}],"version-history":[{"count":5,"href":"https:\/\/901motoclub.fr\/index.php\/wp-json\/wp\/v2\/posts\/2334\/revisions"}],"predecessor-version":[{"id":2350,"href":"https:\/\/901motoclub.fr\/index.php\/wp-json\/wp\/v2\/posts\/2334\/revisions\/2350"}],"wp:featuredmedia":[{"embeddable":true,"href":"https:\/\/901motoclub.fr\/index.php\/wp-json\/wp\/v2\/media\/2342"}],"wp:attachment":[{"href":"https:\/\/901motoclub.fr\/index.php\/wp-json\/wp\/v2\/media?parent=2334"}],"wp:term":[{"taxonomy":"category","embeddable":true,"href":"https:\/\/901motoclub.fr\/index.php\/wp-json\/wp\/v2\/categories?post=2334"},{"taxonomy":"post_tag","embeddable":true,"href":"https:\/\/901motoclub.fr\/index.php\/wp-json\/wp\/v2\/tags?post=2334"}],"curies":[{"name":"wp","href":"https:\/\/api.w.org\/{rel}","templated":true}]}}