{"id":24,"date":"2015-10-02T12:36:28","date_gmt":"2015-10-02T11:36:28","guid":{"rendered":"http:\/\/901motoclub.fr\/?p=24"},"modified":"2015-10-07T09:20:12","modified_gmt":"2015-10-07T08:20:12","slug":"decisions-du-cisr-du-2-octobre-2015-concernant-les-motos","status":"publish","type":"post","link":"https:\/\/901motoclub.fr\/index.php\/2015\/10\/02\/decisions-du-cisr-du-2-octobre-2015-concernant-les-motos\/","title":{"rendered":"Contr\u00f4le technique, gants obligatoires,  permis moto&#8230;"},"content":{"rendered":"<p>Trois mesures ont \u00e9t\u00e9 annonc\u00e9es le 2 octobre 2015, \u00e0 l&#8217;issue du CISR (le Conseil Interminist\u00e9riel de la S\u00e9curit\u00e9 Routi\u00e8re) pr\u00e9sid\u00e9 par Manuel Valls, premier ministre :<\/p>\n<p>1. Afin de s\u00e9curiser le parc d\u2019occasion et de prot\u00e9ger l\u2019acheteur,<br \/>\ninstaurer un contr\u00f4le technique pour la vente de deux-\u00adroues<br \/>\nmotoris\u00e9s d\u2019occasion \u00e0 \u00e9ch\u00e9ance de deux ans.<\/p>\n<p>2. Conditionner la possibilit\u00e9 de conduire une moto de forte<br \/>\npuissance (sup\u00e9rieure \u00e0 56 CV) \u00e0 une formation qui ne pourra<br \/>\n\u00eatre effectu\u00e9e qu\u2019apr\u00e8s deux ans de d\u00e9tention du permis moto.<\/p>\n<p>3.Afin de limiter les blessures graves, rendre obligatoire le port de<br \/>\ngants homologu\u00e9s pour les usagers de deux-\u00adroues motoris\u00e9s.<\/p>\n<p>Encore rien d&#8217;annonc\u00e9 sur les modalit\u00e9s de la fin de la &#8220;loi des 100 cv&#8221; au 1er janvier 2016. En particulier sur le r\u00e9trofit, c&#8217;est \u00e0 dire sur la r\u00e9glementation applicable aux motos en service actuellement et susceptibles d&#8217;\u00eatre d\u00e9brid\u00e9es.<\/p>\n<p>Jean<\/p>\n","protected":false},"excerpt":{"rendered":"<p>Trois mesures ont \u00e9t\u00e9 annonc\u00e9es le 2 octobre 2015, \u00e0 l&#8217;issue du CISR (le Conseil Interminist\u00e9riel de la S\u00e9curit\u00e9 Routi\u00e8re) pr\u00e9sid\u00e9 par Manuel Valls, premier ministre : 1. Afin de s\u00e9curiser le parc d\u2019occasion et de prot\u00e9ger l\u2019acheteur, instaurer un contr\u00f4le technique pour la vente de deux-\u00adroues motoris\u00e9s d\u2019occasion \u00e0 \u00e9ch\u00e9ance de deux ans. 2. [&hellip;]<\/p>\n","protected":false},"author":1,"featured_media":0,"comment_status":"open","ping_status":"open","sticky":false,"template":"","format":"standard","meta":{"spay_email":"","footnotes":""},"categories":[8],"tags":[],"class_list":["post-24","post","type-post","status-publish","format-standard","hentry","category-actualites"],"jetpack_featured_media_url":"","jetpack_shortlink":"https:\/\/wp.me\/p6Us3q-o","_links":{"self":[{"href":"https:\/\/901motoclub.fr\/index.php\/wp-json\/wp\/v2\/posts\/24","targetHints":{"allow":["GET"]}}],"collection":[{"href":"https:\/\/901motoclub.fr\/index.php\/wp-json\/wp\/v2\/posts"}],"about":[{"href":"https:\/\/901motoclub.fr\/index.php\/wp-json\/wp\/v2\/types\/post"}],"author":[{"embeddable":true,"href":"https:\/\/901motoclub.fr\/index.php\/wp-json\/wp\/v2\/users\/1"}],"replies":[{"embeddable":true,"href":"https:\/\/901motoclub.fr\/index.php\/wp-json\/wp\/v2\/comments?post=24"}],"version-history":[{"count":8,"href":"https:\/\/901motoclub.fr\/index.php\/wp-json\/wp\/v2\/posts\/24\/revisions"}],"predecessor-version":[{"id":136,"href":"https:\/\/901motoclub.fr\/index.php\/wp-json\/wp\/v2\/posts\/24\/revisions\/136"}],"wp:attachment":[{"href":"https:\/\/901motoclub.fr\/index.php\/wp-json\/wp\/v2\/media?parent=24"}],"wp:term":[{"taxonomy":"category","embeddable":true,"href":"https:\/\/901motoclub.fr\/index.php\/wp-json\/wp\/v2\/categories?post=24"},{"taxonomy":"post_tag","embeddable":true,"href":"https:\/\/901motoclub.fr\/index.php\/wp-json\/wp\/v2\/tags?post=24"}],"curies":[{"name":"wp","href":"https:\/\/api.w.org\/{rel}","templated":true}]}}