{"id":2440,"date":"2019-05-06T09:42:28","date_gmt":"2019-05-06T07:42:28","guid":{"rendered":"https:\/\/901motoclub.fr\/?p=2440"},"modified":"2019-05-06T09:42:28","modified_gmt":"2019-05-06T07:42:28","slug":"le-901-rallye-2019-cest-le-16-juin","status":"publish","type":"post","link":"https:\/\/901motoclub.fr\/index.php\/2019\/05\/06\/le-901-rallye-2019-cest-le-16-juin\/","title":{"rendered":"Le 901 Rallye 2019, c&#8217;est le 16 juin !"},"content":{"rendered":"<p>Bonjour \u00e0 tous,<\/p>\n<p>Lors de l&#8217;assembl\u00e9e g\u00e9n\u00e9rale de janvier dernier, nous vous avions parl\u00e9 de la pr\u00e9paration d&#8217;un rallye pour cette saison. Nous avons donc programm\u00e9 un parcours pour la journ\u00e9e compl\u00e8te d&#8217;un peu moins de 150 km dans notre belle r\u00e9gion avec plusieurs \u00e9tapes et des questions relatives \u00e0 chacune de ces \u00e9tapes. Nous avons pr\u00e9vu de nous arr\u00eater pour d\u00e9jeuner sur la terrasse d&#8217;une auberge dont les g\u00e9rants acceptent de nous recevoir sous r\u00e9serve de consommer un plat de leur carte (prix des plats entre 9\u20ac et 15\u20ac suivant le choix), cet endroit va, j&#8217;en suis s\u00fbr, en ravir plus d&#8217;un. Nous faisons appel aux bonnes volont\u00e9s afin qu&#8217;elles confectionnent des desserts-maison que nous d\u00e9gusterons ensemble.<br \/>\nL&#8217;apr\u00e8s-midi nous repartirons pour une derni\u00e8re \u00e9tape, puis nous retournerons \u00e0 Banne o\u00f9 nous prendrons quelques rafra\u00eechissements chez Edith et Christian. Nous pourrons effectuer le classement et r\u00e9compenser le gagnant de ce rallye.<br \/>\nNous avons pr\u00e9vu ce rallye le 16 juin afin de s&#8217;assurer d&#8217;une belle m\u00e9t\u00e9o. Si le temps n&#8217;est pas avec nous le 16 nous pensons \u00e0 un report possible le 23. \u00c0 cette p\u00e9riode les touristes commencent \u00e0 se montrer, alors pour \u00eatre certain d&#8217;avoir une place sur ladite terrasse et pour pouvoir finaliser cette belle journ\u00e9e ensemble, nous vous demandons de bien vouloir vous inscrire rapidement sur WhatsApp pour le 16 juin (avec un d\u00e9part au bar des sports \u00e0 8h) et d\u2019indiquer, \u00e9galement, si vous serez pr\u00e9sents le 23 juin en cas de report li\u00e9 \u00e0 la m\u00e9t\u00e9o.<\/p>\n<p>Claude<\/p>\n","protected":false},"excerpt":{"rendered":"<p>Bonjour \u00e0 tous, Lors de l&#8217;assembl\u00e9e g\u00e9n\u00e9rale de janvier dernier, nous vous avions parl\u00e9 de la pr\u00e9paration d&#8217;un rallye pour cette saison. Nous avons donc programm\u00e9 un parcours pour la journ\u00e9e compl\u00e8te d&#8217;un peu moins de 150 km dans notre belle r\u00e9gion avec plusieurs \u00e9tapes et des questions relatives \u00e0 chacune de ces \u00e9tapes. Nous [&hellip;]<\/p>\n","protected":false},"author":10,"featured_media":0,"comment_status":"open","ping_status":"open","sticky":false,"template":"","format":"standard","meta":{"spay_email":"","footnotes":""},"categories":[8],"tags":[],"class_list":["post-2440","post","type-post","status-publish","format-standard","hentry","category-actualites"],"jetpack_featured_media_url":"","jetpack_shortlink":"https:\/\/wp.me\/p6Us3q-Dm","_links":{"self":[{"href":"https:\/\/901motoclub.fr\/index.php\/wp-json\/wp\/v2\/posts\/2440","targetHints":{"allow":["GET"]}}],"collection":[{"href":"https:\/\/901motoclub.fr\/index.php\/wp-json\/wp\/v2\/posts"}],"about":[{"href":"https:\/\/901motoclub.fr\/index.php\/wp-json\/wp\/v2\/types\/post"}],"author":[{"embeddable":true,"href":"https:\/\/901motoclub.fr\/index.php\/wp-json\/wp\/v2\/users\/10"}],"replies":[{"embeddable":true,"href":"https:\/\/901motoclub.fr\/index.php\/wp-json\/wp\/v2\/comments?post=2440"}],"version-history":[{"count":3,"href":"https:\/\/901motoclub.fr\/index.php\/wp-json\/wp\/v2\/posts\/2440\/revisions"}],"predecessor-version":[{"id":2443,"href":"https:\/\/901motoclub.fr\/index.php\/wp-json\/wp\/v2\/posts\/2440\/revisions\/2443"}],"wp:attachment":[{"href":"https:\/\/901motoclub.fr\/index.php\/wp-json\/wp\/v2\/media?parent=2440"}],"wp:term":[{"taxonomy":"category","embeddable":true,"href":"https:\/\/901motoclub.fr\/index.php\/wp-json\/wp\/v2\/categories?post=2440"},{"taxonomy":"post_tag","embeddable":true,"href":"https:\/\/901motoclub.fr\/index.php\/wp-json\/wp\/v2\/tags?post=2440"}],"curies":[{"name":"wp","href":"https:\/\/api.w.org\/{rel}","templated":true}]}}