{"id":2544,"date":"2019-08-18T10:35:00","date_gmt":"2019-08-18T08:35:00","guid":{"rendered":"https:\/\/901motoclub.fr\/?p=2544"},"modified":"2019-08-18T10:35:00","modified_gmt":"2019-08-18T08:35:00","slug":"a-venir-balade-du-1er-septembre-2019-a-la-decouverte-de-la-departementale-du-club","status":"publish","type":"post","link":"https:\/\/901motoclub.fr\/index.php\/2019\/08\/18\/a-venir-balade-du-1er-septembre-2019-a-la-decouverte-de-la-departementale-du-club\/","title":{"rendered":"A venir : Balade du 1er septembre 2019 \u00e0 la d\u00e9couverte de la d\u00e9partementale du club"},"content":{"rendered":"<p>&nbsp;<\/p>\n<p>Apr\u00e8s 2 mois d\u2019interruption estivale, il est temps de reprendre nos montures et aussi le contact avec nos chers membres.<\/p>\n<p>Pour cette reprise, pourquoi ne pas reprendre, comme au d\u00e9but de chaque saison sportive, les basiques\u00a0?<\/p>\n<p>Les basiques c\u2019est bien de le dire, mais pour le 901 moto-club c\u2019est quoi\u00a0?<\/p>\n<p>Le plus basique des basiques c\u2019est <strong>le 901<\/strong>, comme la d\u00e9partementale.<\/p>\n<p>Et justement, cette d\u00e9partementale ne l\u2019a pas toujours \u00e9t\u00e9, d\u00e9partementale. Jusqu\u2019en 2005, avant son d\u00e9classement, elle \u00e9tait la nationale 101 et reliait, comme encore aujourd\u2019hui la ville de Pont Saint Esprit dans le Gard, au col de la Tourette (844 m d\u2019altitude) pr\u00e8s de Mende ( Loz\u00e8re) soit environ 133 kilm\u00e8tres.<\/p>\n<p>2 exceptions \u00e0 cette appellation D901\u00a0:<\/p>\n<ul>\n<li>Le travers\u00e9e de Villefort<\/li>\n<li>La travers\u00e9e de Saint Paul le Jeune jusqu\u2019aux Avelas<\/li>\n<\/ul>\n<p>Eh oui, m\u00eame notre si\u00e8ge social n\u2019y est pas implant\u00e9\u2026.<\/p>\n<p>Donc, pour cette sortie dominicale, nous emprunterons la 901 direction Les Vans, une petite mont\u00e9e du col du Mas de l\u2019Ayre, direction Villefort, Le Bleymard\u00a0 puis le col de la Tourette.<\/p>\n<p>Pour repartir de Mende nous emprunterons un itin\u00e9raire lui aussi connu, la N106 direction Florac et La Grand Combe puis retour par Gagni\u00e8res.<\/p>\n<p>Des tr\u00e8s belles routes, bien roulantes, c\u2019est une reprise.<\/p>\n<p>Au total 216 kms pour environ 3h30 de conduite.<\/p>\n<p>Denis<\/p>\n<p>PS : l&#8217;itin\u00e9raire peut \u00eatre t\u00e9l\u00e9charg\u00e9 pour les GPS en format <strong><a href=\"http:\/\/901motoclub.fr\/wp-content\/uploads\/gps\/901-01-09-2019.gpx\">Garmin<\/a><\/strong> ou en format <strong><a href=\"http:\/\/901motoclub.fr\/wp-content\/uploads\/gps\/901-01-09-2019.itn\">Tomtom.<\/a><\/strong><\/p>\n","protected":false},"excerpt":{"rendered":"<p>&nbsp; Apr\u00e8s 2 mois d\u2019interruption estivale, il est temps de reprendre nos montures et aussi le contact avec nos chers membres. Pour cette reprise, pourquoi ne pas reprendre, comme au d\u00e9but de chaque saison sportive, les basiques\u00a0? Les basiques c\u2019est bien de le dire, mais pour le 901 moto-club c\u2019est quoi\u00a0? Le plus basique des [&hellip;]<\/p>\n","protected":false},"author":6,"featured_media":2546,"comment_status":"open","ping_status":"open","sticky":false,"template":"","format":"standard","meta":{"spay_email":"","footnotes":""},"categories":[12,3,4],"tags":[],"class_list":["post-2544","post","type-post","status-publish","format-standard","has-post-thumbnail","hentry","category-activites","category-balades","category-demie-journee"],"jetpack_featured_media_url":"https:\/\/i2.wp.com\/901motoclub.fr\/wp-content\/uploads\/2019\/08\/901-01-09-2019.jpg?fit=1220%2C847&ssl=1","jetpack_shortlink":"https:\/\/wp.me\/p6Us3q-F2","_links":{"self":[{"href":"https:\/\/901motoclub.fr\/index.php\/wp-json\/wp\/v2\/posts\/2544","targetHints":{"allow":["GET"]}}],"collection":[{"href":"https:\/\/901motoclub.fr\/index.php\/wp-json\/wp\/v2\/posts"}],"about":[{"href":"https:\/\/901motoclub.fr\/index.php\/wp-json\/wp\/v2\/types\/post"}],"author":[{"embeddable":true,"href":"https:\/\/901motoclub.fr\/index.php\/wp-json\/wp\/v2\/users\/6"}],"replies":[{"embeddable":true,"href":"https:\/\/901motoclub.fr\/index.php\/wp-json\/wp\/v2\/comments?post=2544"}],"version-history":[{"count":5,"href":"https:\/\/901motoclub.fr\/index.php\/wp-json\/wp\/v2\/posts\/2544\/revisions"}],"predecessor-version":[{"id":2550,"href":"https:\/\/901motoclub.fr\/index.php\/wp-json\/wp\/v2\/posts\/2544\/revisions\/2550"}],"wp:featuredmedia":[{"embeddable":true,"href":"https:\/\/901motoclub.fr\/index.php\/wp-json\/wp\/v2\/media\/2546"}],"wp:attachment":[{"href":"https:\/\/901motoclub.fr\/index.php\/wp-json\/wp\/v2\/media?parent=2544"}],"wp:term":[{"taxonomy":"category","embeddable":true,"href":"https:\/\/901motoclub.fr\/index.php\/wp-json\/wp\/v2\/categories?post=2544"},{"taxonomy":"post_tag","embeddable":true,"href":"https:\/\/901motoclub.fr\/index.php\/wp-json\/wp\/v2\/tags?post=2544"}],"curies":[{"name":"wp","href":"https:\/\/api.w.org\/{rel}","templated":true}]}}