{"id":2706,"date":"2019-10-25T11:51:49","date_gmt":"2019-10-25T09:51:49","guid":{"rendered":"https:\/\/901motoclub.fr\/?p=2706"},"modified":"2019-10-25T11:53:47","modified_gmt":"2019-10-25T09:53:47","slug":"a-venir-balade-du-3-novembre-2019-vers-uzes","status":"publish","type":"post","link":"https:\/\/901motoclub.fr\/index.php\/2019\/10\/25\/a-venir-balade-du-3-novembre-2019-vers-uzes\/","title":{"rendered":"A venir : Balade du 3 novembre 2019 vers Uz\u00e8s"},"content":{"rendered":"<p>Bonjour les amis,<\/p>\n<p>La derni\u00e8re sortie n\u2019a pu se d\u00e9rouler, m\u00eame apr\u00e8s son report d\u2019une semaine, mais je crois que nous n\u2019avons rien \u00e0 regretter vu les conditions climatiques de ce dernier dimanche o\u00f9 il \u00e9tait pr\u00e9f\u00e9rable, pour prendre du plaisir, de se donner rendez vous \u00e0 la piscine de Lablach\u00e8re\u2026.<\/p>\n<p>L\u2019automne s\u2019est bien install\u00e9 avec ses baisses de temp\u00e9ratures et ses nuages qu\u2019on a pens\u00e9 disparus \u00e0 jamais.<\/p>\n<p>Aussi, pour cette sortie du 3 novembre, nous mettons le cap au Sud.<\/p>\n<p>Nous n\u2019emprunterons pas que des routes inconnues, c\u2019est de plus en plus difficile d\u2019en trouver \u00e0 raison d\u2019une sortie toutes ( presque ) les 3 semaines, mais ce sont des routes qui mettent, s\u2019il \u00e9tait besoin, le d\u00e9partement du Gard en valeur.<\/p>\n<p>C\u2019est ainsi que nous descendrons vers Uz\u00e8s sans passer par All\u00e8gre, mais d\u2019un rythme all\u00e8gre nous atteindrons la capitale des truffes que nous traverserons direction le Pont Saint Nicolas.<\/p>\n<p>Une fois le pont travers\u00e9 nous obliquerons vers Poulx et sans se gratter nous remonterons, pr\u00e8s du c\u00e9l\u00e8bre circuit de L\u00e9denon ( en fait il n\u2019y a qu\u2019un nom \u00e0 ce circuit ) pour profiter de la vue sur les gorges du Gardon.<\/p>\n<p>Nous fr\u00f4lerons ensuite le Pont du Gard et remonterons vers Bagnols et rejoindrons le bar d\u2019Eric par Barjac\u2026<\/p>\n<p>Int\u00e9ress\u00e9.e par le trajet ? Il peut \u00eatre t\u00e9l\u00e9charg\u00e9 pour votre GPS, comme pour les autres sorties, en format <strong><a href=\"http:\/\/901motoclub.fr\/wp-content\/uploads\/gps\/901-03-11-2019.gpx\">Garmin<\/a><\/strong> ou en format <strong><a href=\"http:\/\/901motoclub.fr\/wp-content\/uploads\/gps\/901-03-11-2019.itn\">Tomtom<\/a><\/strong><\/p>\n<p>Denis<\/p>\n<p>PS : Le d\u00e9part, comme d&#8217;habitude, est \u00e0 13h30 du Bar des Sports \u00e0 Saint-Paul-le-Jeune.<\/p>\n","protected":false},"excerpt":{"rendered":"<p>Bonjour les amis, La derni\u00e8re sortie n\u2019a pu se d\u00e9rouler, m\u00eame apr\u00e8s son report d\u2019une semaine, mais je crois que nous n\u2019avons rien \u00e0 regretter vu les conditions climatiques de ce dernier dimanche o\u00f9 il \u00e9tait pr\u00e9f\u00e9rable, pour prendre du plaisir, de se donner rendez vous \u00e0 la piscine de Lablach\u00e8re\u2026. L\u2019automne s\u2019est bien install\u00e9 [&hellip;]<\/p>\n","protected":false},"author":6,"featured_media":2707,"comment_status":"open","ping_status":"open","sticky":false,"template":"","format":"standard","meta":{"spay_email":"","footnotes":""},"categories":[8,3,4],"tags":[],"class_list":["post-2706","post","type-post","status-publish","format-standard","has-post-thumbnail","hentry","category-actualites","category-balades","category-demie-journee"],"jetpack_featured_media_url":"https:\/\/i1.wp.com\/901motoclub.fr\/wp-content\/uploads\/2019\/10\/901-03-11-2019.jpg?fit=1422%2C992&ssl=1","jetpack_shortlink":"https:\/\/wp.me\/p6Us3q-HE","_links":{"self":[{"href":"https:\/\/901motoclub.fr\/index.php\/wp-json\/wp\/v2\/posts\/2706","targetHints":{"allow":["GET"]}}],"collection":[{"href":"https:\/\/901motoclub.fr\/index.php\/wp-json\/wp\/v2\/posts"}],"about":[{"href":"https:\/\/901motoclub.fr\/index.php\/wp-json\/wp\/v2\/types\/post"}],"author":[{"embeddable":true,"href":"https:\/\/901motoclub.fr\/index.php\/wp-json\/wp\/v2\/users\/6"}],"replies":[{"embeddable":true,"href":"https:\/\/901motoclub.fr\/index.php\/wp-json\/wp\/v2\/comments?post=2706"}],"version-history":[{"count":3,"href":"https:\/\/901motoclub.fr\/index.php\/wp-json\/wp\/v2\/posts\/2706\/revisions"}],"predecessor-version":[{"id":2710,"href":"https:\/\/901motoclub.fr\/index.php\/wp-json\/wp\/v2\/posts\/2706\/revisions\/2710"}],"wp:featuredmedia":[{"embeddable":true,"href":"https:\/\/901motoclub.fr\/index.php\/wp-json\/wp\/v2\/media\/2707"}],"wp:attachment":[{"href":"https:\/\/901motoclub.fr\/index.php\/wp-json\/wp\/v2\/media?parent=2706"}],"wp:term":[{"taxonomy":"category","embeddable":true,"href":"https:\/\/901motoclub.fr\/index.php\/wp-json\/wp\/v2\/categories?post=2706"},{"taxonomy":"post_tag","embeddable":true,"href":"https:\/\/901motoclub.fr\/index.php\/wp-json\/wp\/v2\/tags?post=2706"}],"curies":[{"name":"wp","href":"https:\/\/api.w.org\/{rel}","templated":true}]}}