{"id":340,"date":"2015-11-05T14:36:48","date_gmt":"2015-11-05T13:36:48","guid":{"rendered":"http:\/\/901motoclub.fr\/?p=340"},"modified":"2016-03-16T11:19:08","modified_gmt":"2016-03-16T10:19:08","slug":"a-venir-balade-du-29-novembre-2015-vers-gordes","status":"publish","type":"post","link":"https:\/\/901motoclub.fr\/index.php\/2015\/11\/05\/a-venir-balade-du-29-novembre-2015-vers-gordes\/","title":{"rendered":"A venir &#8211; Balade du 29 novembre 2015 vers Gordes"},"content":{"rendered":"<p>La sortie du 29 novembre prochain est d\u00e9sormais arr\u00eat\u00e9e !<\/p>\n<p>Le Pr\u00e9sident Laurent nous a pr\u00e9par\u00e9 une belle balade vers le Lub\u00e9ron et le magnifique village de Gordes.<\/p>\n<p>Dress\u00e9 au bord du plateau du Vaucluse, Gordes compte parmi les villages vedettes du Lub\u00e9ron o\u00f9 de nombreuses c\u00e9l\u00e9brit\u00e9s et artistes ont \u00e9lu domicile.<br \/>\nSes maisons en pierre s\u00e8che de couleur blanche ou grise s&#8217;alignent en spirale autour du rocher sur lequel est pos\u00e9 le village avec \u00e0 son sommet l&#8217;\u00e9glise et le ch\u00e2teau qui font face aux collines du Lub\u00e9ron (si j&#8217;en crois le site ProvenceWeb).<\/p>\n<p>Pour ceux qui ne connaissent pas, je vous renvoie vers l&#8217;article de <a href=\"https:\/\/fr.wikipedia.org\/wiki\/Gordes\">Wikip\u00e9dia.<\/a><\/p>\n<p>Rendez vous donc au Bar des Sport \u00e0 Saint-Paul-le-Jeune \u00e0 <strong>8h30 (corrig\u00e9)<\/strong> pour un d\u00e9part \u00e0 9h. En effet, la route est un peu plus longue que d&#8217;habitude (environ 260 km) et nous avons bien l&#8217;intention de rentrer avant la nuit !<\/p>\n<p>Le trajet sera le suivant : Saint-Paul, Barjac puis Bagnols-sur-C\u00e8ze et Avignon puis Gordes. Repas dans les environs puis retour par Carpentras, Jonqui\u00e8res, Orange, puis \u00e0 nouveau Bagnols-sur-C\u00e8ze. Ensuite Lussan, Saint-Ambroix et retour au point de d\u00e9part.<\/p>\n<p>Vous pouvez t\u00e9l\u00e9charger l\u2019itin\u00e9raire en format <strong><a href=\"http:\/\/901motoclub.fr\/wp-content\/uploads\/gps\/901-29-11-2015.gpx\">Garmin<\/a><\/strong> ou en format <strong><a href=\"http:\/\/901motoclub.fr\/wp-content\/uploads\/gps\/901-29-11-2015.itn\">Tomtom<\/a><\/strong>. Pour l&#8217;afficher sous <strong><a href=\"http:\/\/901motoclub.fr\/wp-content\/uploads\/gps\/901-29-11-2015.kml\">Google Earth<\/a><\/strong>.<\/p>\n<p>Compte tenu de la saison, nous pr\u00e9voyons un repas pris en commun \u00e0 midi dans un restaurant de la r\u00e9gion.<\/p>\n<p>Qui connait un endroit sympa, motard &#8220;friendly&#8221; et pas cher o\u00f9 nous pourrions faire la pause du midi ?<\/p>\n<p>Comme d&#8217;habitude, <strong>merci de vous inscrire par un commentaire<\/strong> de l&#8217;article. Cette recommandation est d&#8217;autant plus importante qu&#8217;il nous faudra faire une r\u00e9servation pour le midi.<\/p>\n","protected":false},"excerpt":{"rendered":"<p>La sortie du 29 novembre prochain est d\u00e9sormais arr\u00eat\u00e9e ! Le Pr\u00e9sident Laurent nous a pr\u00e9par\u00e9 une belle balade vers le Lub\u00e9ron et le magnifique village de Gordes. Dress\u00e9 au bord du plateau du Vaucluse, Gordes compte parmi les villages vedettes du Lub\u00e9ron o\u00f9 de nombreuses c\u00e9l\u00e9brit\u00e9s et artistes ont \u00e9lu domicile. Ses maisons en [&hellip;]<\/p>\n","protected":false},"author":1,"featured_media":343,"comment_status":"open","ping_status":"open","sticky":false,"template":"","format":"standard","meta":{"spay_email":"","footnotes":""},"categories":[12,8],"tags":[],"class_list":["post-340","post","type-post","status-publish","format-standard","has-post-thumbnail","hentry","category-activites","category-actualites"],"jetpack_featured_media_url":"https:\/\/i2.wp.com\/901motoclub.fr\/wp-content\/uploads\/2015\/11\/901-29-11-2015.jpg?fit=892%2C598&ssl=1","jetpack_shortlink":"https:\/\/wp.me\/p6Us3q-5u","_links":{"self":[{"href":"https:\/\/901motoclub.fr\/index.php\/wp-json\/wp\/v2\/posts\/340","targetHints":{"allow":["GET"]}}],"collection":[{"href":"https:\/\/901motoclub.fr\/index.php\/wp-json\/wp\/v2\/posts"}],"about":[{"href":"https:\/\/901motoclub.fr\/index.php\/wp-json\/wp\/v2\/types\/post"}],"author":[{"embeddable":true,"href":"https:\/\/901motoclub.fr\/index.php\/wp-json\/wp\/v2\/users\/1"}],"replies":[{"embeddable":true,"href":"https:\/\/901motoclub.fr\/index.php\/wp-json\/wp\/v2\/comments?post=340"}],"version-history":[{"count":8,"href":"https:\/\/901motoclub.fr\/index.php\/wp-json\/wp\/v2\/posts\/340\/revisions"}],"predecessor-version":[{"id":427,"href":"https:\/\/901motoclub.fr\/index.php\/wp-json\/wp\/v2\/posts\/340\/revisions\/427"}],"wp:featuredmedia":[{"embeddable":true,"href":"https:\/\/901motoclub.fr\/index.php\/wp-json\/wp\/v2\/media\/343"}],"wp:attachment":[{"href":"https:\/\/901motoclub.fr\/index.php\/wp-json\/wp\/v2\/media?parent=340"}],"wp:term":[{"taxonomy":"category","embeddable":true,"href":"https:\/\/901motoclub.fr\/index.php\/wp-json\/wp\/v2\/categories?post=340"},{"taxonomy":"post_tag","embeddable":true,"href":"https:\/\/901motoclub.fr\/index.php\/wp-json\/wp\/v2\/tags?post=340"}],"curies":[{"name":"wp","href":"https:\/\/api.w.org\/{rel}","templated":true}]}}