{"id":4699,"date":"2020-08-27T17:17:18","date_gmt":"2020-08-27T15:17:18","guid":{"rendered":"https:\/\/901motoclub.fr\/?p=4699"},"modified":"2020-08-27T17:26:44","modified_gmt":"2020-08-27T15:26:44","slug":"balade-dans-le-coiron","status":"publish","type":"post","link":"https:\/\/901motoclub.fr\/index.php\/2020\/08\/27\/balade-dans-le-coiron\/","title":{"rendered":"Balade dans le Coiron"},"content":{"rendered":"<p>Chers amis,<\/p>\n<p>Tous \u00e0 vos motos dimanche 13 septembre. Il est grand temps de se retrouver mes amis.<\/p>\n<p>Ce dimanche, nous prendrons la direction du Coiron en longeant le Chassezac par St Alban-Aurioles jusqu&#8217;\u00e0 Ruoms puis l&#8217;Ibie, compl\u00e8tement \u00e0 sec en ce moment, par Lagorce et St Maurice d&#8217;Ibie.<\/p>\n<p>Nous traverserons Villeneuve de Berg puis St Jean le Centenier et nous nous arr\u00eaterons aux grottes de St Monbrun pour une petite visite de 30 minutes.<\/p>\n<p>Puis, nous rentrerons jusqu&#8217;\u00e0 Berzeme et reprendrons la direction du Nord.<\/p>\n<p>Nous apercevrons \u00e0 notre droite le neck de Sceautres.<\/p>\n<p>Puis direction les gorges de l&#8217;Ardeche en passant par Valoign\u00e8res, Gras, Bidon et retour sur St Paul par St Remeze et Vallon Pont d&#8217;Arc.<\/p>\n<p>Tous \u00e0 vos motos, niveau d&#8217;huile, pression des pneus et plein faits\u00a0!!!<\/p>\n<p>Laissez vous guider, j&#8217;ouvrirai la route.<\/p>\n<p>Le d\u00e9part est fix\u00e9 \u00e0 13h30 de chez Eric comme d\u2019habitude.<\/p>\n<p>St\u00e9phane<\/p>\n","protected":false},"excerpt":{"rendered":"<p>Chers amis, Tous \u00e0 vos motos dimanche 13 septembre. Il est grand temps de se retrouver mes amis. Ce dimanche, nous prendrons la direction du Coiron en longeant le Chassezac par St Alban-Aurioles jusqu&#8217;\u00e0 Ruoms puis l&#8217;Ibie, compl\u00e8tement \u00e0 sec en ce moment, par Lagorce et St Maurice d&#8217;Ibie. Nous traverserons Villeneuve de Berg puis [&hellip;]<\/p>\n","protected":false},"author":1,"featured_media":4701,"comment_status":"open","ping_status":"open","sticky":false,"template":"","format":"standard","meta":{"spay_email":"","footnotes":""},"categories":[8,3,4,1],"tags":[],"class_list":["post-4699","post","type-post","status-publish","format-standard","has-post-thumbnail","hentry","category-actualites","category-balades","category-demie-journee","category-non-classe"],"jetpack_featured_media_url":"https:\/\/i2.wp.com\/901motoclub.fr\/wp-content\/uploads\/2020\/08\/13sep2020.jpg?fit=672%2C445&ssl=1","jetpack_shortlink":"https:\/\/wp.me\/p6Us3q-1dN","_links":{"self":[{"href":"https:\/\/901motoclub.fr\/index.php\/wp-json\/wp\/v2\/posts\/4699","targetHints":{"allow":["GET"]}}],"collection":[{"href":"https:\/\/901motoclub.fr\/index.php\/wp-json\/wp\/v2\/posts"}],"about":[{"href":"https:\/\/901motoclub.fr\/index.php\/wp-json\/wp\/v2\/types\/post"}],"author":[{"embeddable":true,"href":"https:\/\/901motoclub.fr\/index.php\/wp-json\/wp\/v2\/users\/1"}],"replies":[{"embeddable":true,"href":"https:\/\/901motoclub.fr\/index.php\/wp-json\/wp\/v2\/comments?post=4699"}],"version-history":[{"count":2,"href":"https:\/\/901motoclub.fr\/index.php\/wp-json\/wp\/v2\/posts\/4699\/revisions"}],"predecessor-version":[{"id":4706,"href":"https:\/\/901motoclub.fr\/index.php\/wp-json\/wp\/v2\/posts\/4699\/revisions\/4706"}],"wp:featuredmedia":[{"embeddable":true,"href":"https:\/\/901motoclub.fr\/index.php\/wp-json\/wp\/v2\/media\/4701"}],"wp:attachment":[{"href":"https:\/\/901motoclub.fr\/index.php\/wp-json\/wp\/v2\/media?parent=4699"}],"wp:term":[{"taxonomy":"category","embeddable":true,"href":"https:\/\/901motoclub.fr\/index.php\/wp-json\/wp\/v2\/categories?post=4699"},{"taxonomy":"post_tag","embeddable":true,"href":"https:\/\/901motoclub.fr\/index.php\/wp-json\/wp\/v2\/tags?post=4699"}],"curies":[{"name":"wp","href":"https:\/\/api.w.org\/{rel}","templated":true}]}}