{"id":4716,"date":"2020-09-16T09:35:23","date_gmt":"2020-09-16T07:35:23","guid":{"rendered":"https:\/\/901motoclub.fr\/?p=4716"},"modified":"2020-09-16T09:35:23","modified_gmt":"2020-09-16T07:35:23","slug":"balade-du-13-septembre-2020-les-balmes-de-montbrun","status":"publish","type":"post","link":"https:\/\/901motoclub.fr\/index.php\/2020\/09\/16\/balade-du-13-septembre-2020-les-balmes-de-montbrun\/","title":{"rendered":"Balade du 13 septembre 2020 : les Balmes de Montbrun"},"content":{"rendered":"<p>Ce dimanche 13 septembre, c&#8217;est la rentr\u00e9e ! Celle du Motoclub apr\u00e8s 6 mois d&#8217;interruption due \u00e0 un minuscule mais n\u00e9anmoins tr\u00e8s dangereux virus ! Au d\u00e9part, au Bar des Sports, chez Eric, nous voici quatre vaillants motocyclistes et une seule passag\u00e8re, B\u00e9atrice; les pilotes sont G\u00e9rard, Christian, Jean et moi-m\u00eame. 3 BM contre une Ktoche !!!<\/p>\n<p>Apr\u00e8s un petit caf\u00e9 vite aval\u00e9, je prends le commandement de la troupe, \u00e9tant le seul \u00e0 conna\u00eetre l&#8217;itin\u00e9raire. Direction le Coiron en passant par St Andr\u00e9 de Cruzi\u00e8res, Beaulieu,la rive gauche du Chassezac jusqu&#8217;\u00e0 Ruoms,la vall\u00e9e de l&#8217;Ibie jusqu&#8217;\u00e0 Villeneuve de Berg.<br \/>\nA St Jean le Centenier, \u00e0 l&#8217;attaque du Coiron, je propose un arr\u00eat aux Grottes de Montbrun pour une petite balade p\u00e9destre \u00e0 la d\u00e9couverte d&#8217;habitations troglodytes, creus\u00e9es dans des coul\u00e9es basaltiques. Ces habitations rudimentaires ont \u00e9t\u00e9 habit\u00e9es par nos anc\u00eatres du V\u00e8me si\u00e8cle jusqu&#8217;\u00e0 la fin 19\u00e8me, d\u00e9but 20\u00e8me !<\/p>\n<p>Apr\u00e8s nous \u00eatre d\u00e9gourdis les jambes, petite collation sur place.J&#8217;ai ouvert la &#8220;Food-Motorbike&#8221;. Caf\u00e9, eau de Vals (non pas Manuel !), jus de fruits et pour accompagner ces boissons, j&#8217;avais pr\u00e9par\u00e9 un d\u00e9licieux &#8220;Farz Forn&#8221;(Far breton r\u00e9sultant de mes ann\u00e9es Marine en Bretagne !)<br \/>\nCe Far \u00e9clairant ma route comme le phare d&#8217;Alexandrie (sans les Clodettes) guidant l&#8217;ancien marin que je suis, nous part\u00eemes sur Berz\u00e8me puis cap au sud pour d\u00e9couvrir le Neck de Sceautres, piton basaltique qui est une ancienne chemin\u00e9e volcanique. D&#8217;une hauteur de 540 m, dominant le village, quelques maisons sont nich\u00e9es \u00e0 son pied, sans danger, puisque l&#8217;\u00e9ruption date de 8 millions d&#8217;ann\u00e9es !<\/p>\n<p>Puis nous glissons par de petites routes pittoresques parfois sem\u00e9es de gravillons sur Alba-la-Romaine, direction Valvign\u00e8res, Gras, Bidon, St Rem\u00e8ze.Enfin une belle route pour s&#8217;\u00e9battre joyeusement en descendant (non, pas en Cano\u00eb !) sur Vallon-Pont-d&#8217;Arc et retour \u00e0 St Paul-le-Jeune par les ennuyeuses lignes droites de la D111 et la D104. Retour chez Eric pour une petite bi\u00e8re bien m\u00e9rit\u00e9e et commenter cette fabuleuse balade qui restera grav\u00e9e dans nos m\u00e9moires.<\/p>\n<p>A bient\u00f4t !<\/p>\n<p>St\u00e9phane<\/p>\n\n\t\t<style type=\"text\/css\">\n\t\t\t#gallery-1 {\n\t\t\t\tmargin: auto;\n\t\t\t}\n\t\t\t#gallery-1 .gallery-item {\n\t\t\t\tfloat: left;\n\t\t\t\tmargin-top: 10px;\n\t\t\t\ttext-align: center;\n\t\t\t\twidth: 33%;\n\t\t\t}\n\t\t\t#gallery-1 img {\n\t\t\t\tborder: 2px solid #cfcfcf;\n\t\t\t}\n\t\t\t#gallery-1 .gallery-caption {\n\t\t\t\tmargin-left: 0;\n\t\t\t}\n\t\t\t\/* see gallery_shortcode() in wp-includes\/media.php *\/\n\t\t<\/style>\n\t\t<div id='gallery-1' class='gallery galleryid-4716 gallery-columns-3 gallery-size-medium'><dl class='gallery-item'>\n\t\t\t<dt class='gallery-icon landscape'>\n\t\t\t\t<a href='https:\/\/901motoclub.fr\/index.php\/2020\/09\/16\/balade-du-13-septembre-2020-les-balmes-de-montbrun\/901-13-09-2020-1\/'><img loading=\"lazy\" decoding=\"async\" width=\"300\" height=\"225\" src=\"https:\/\/i0.wp.com\/901motoclub.fr\/wp-content\/uploads\/2020\/09\/901-13-09-2020-1-scaled.jpg?fit=300%2C225&amp;ssl=1\" class=\"attachment-medium size-medium\" alt=\"\" srcset=\"https:\/\/i0.wp.com\/901motoclub.fr\/wp-content\/uploads\/2020\/09\/901-13-09-2020-1-scaled.jpg?w=2560&amp;ssl=1 2560w, https:\/\/i0.wp.com\/901motoclub.fr\/wp-content\/uploads\/2020\/09\/901-13-09-2020-1-scaled.jpg?resize=300%2C225&amp;ssl=1 300w, https:\/\/i0.wp.com\/901motoclub.fr\/wp-content\/uploads\/2020\/09\/901-13-09-2020-1-scaled.jpg?resize=1600%2C1200&amp;ssl=1 1600w, https:\/\/i0.wp.com\/901motoclub.fr\/wp-content\/uploads\/2020\/09\/901-13-09-2020-1-scaled.jpg?resize=768%2C576&amp;ssl=1 768w, https:\/\/i0.wp.com\/901motoclub.fr\/wp-content\/uploads\/2020\/09\/901-13-09-2020-1-scaled.jpg?resize=1536%2C1152&amp;ssl=1 1536w, https:\/\/i0.wp.com\/901motoclub.fr\/wp-content\/uploads\/2020\/09\/901-13-09-2020-1-scaled.jpg?resize=2048%2C1536&amp;ssl=1 2048w\" sizes=\"auto, (max-width: 300px) 100vw, 300px\" \/><\/a>\n\t\t\t<\/dt><\/dl><dl class='gallery-item'>\n\t\t\t<dt class='gallery-icon landscape'>\n\t\t\t\t<a href='https:\/\/901motoclub.fr\/index.php\/2020\/09\/16\/balade-du-13-septembre-2020-les-balmes-de-montbrun\/901-13-09-2020-2\/'><img loading=\"lazy\" decoding=\"async\" width=\"300\" height=\"225\" src=\"https:\/\/i1.wp.com\/901motoclub.fr\/wp-content\/uploads\/2020\/09\/901-13-09-2020-2-scaled.jpg?fit=300%2C225&amp;ssl=1\" class=\"attachment-medium size-medium\" alt=\"\" srcset=\"https:\/\/i1.wp.com\/901motoclub.fr\/wp-content\/uploads\/2020\/09\/901-13-09-2020-2-scaled.jpg?w=2560&amp;ssl=1 2560w, https:\/\/i1.wp.com\/901motoclub.fr\/wp-content\/uploads\/2020\/09\/901-13-09-2020-2-scaled.jpg?resize=300%2C225&amp;ssl=1 300w, https:\/\/i1.wp.com\/901motoclub.fr\/wp-content\/uploads\/2020\/09\/901-13-09-2020-2-scaled.jpg?resize=1600%2C1200&amp;ssl=1 1600w, https:\/\/i1.wp.com\/901motoclub.fr\/wp-content\/uploads\/2020\/09\/901-13-09-2020-2-scaled.jpg?resize=768%2C576&amp;ssl=1 768w, https:\/\/i1.wp.com\/901motoclub.fr\/wp-content\/uploads\/2020\/09\/901-13-09-2020-2-scaled.jpg?resize=1536%2C1152&amp;ssl=1 1536w, https:\/\/i1.wp.com\/901motoclub.fr\/wp-content\/uploads\/2020\/09\/901-13-09-2020-2-scaled.jpg?resize=2048%2C1536&amp;ssl=1 2048w\" sizes=\"auto, (max-width: 300px) 100vw, 300px\" \/><\/a>\n\t\t\t<\/dt><\/dl><dl class='gallery-item'>\n\t\t\t<dt class='gallery-icon landscape'>\n\t\t\t\t<a href='https:\/\/901motoclub.fr\/index.php\/2020\/09\/16\/balade-du-13-septembre-2020-les-balmes-de-montbrun\/901-13-09-2020-3\/'><img loading=\"lazy\" decoding=\"async\" width=\"300\" height=\"225\" src=\"https:\/\/i2.wp.com\/901motoclub.fr\/wp-content\/uploads\/2020\/09\/901-13-09-2020-3-scaled.jpg?fit=300%2C225&amp;ssl=1\" class=\"attachment-medium size-medium\" alt=\"\" srcset=\"https:\/\/i2.wp.com\/901motoclub.fr\/wp-content\/uploads\/2020\/09\/901-13-09-2020-3-scaled.jpg?w=2560&amp;ssl=1 2560w, https:\/\/i2.wp.com\/901motoclub.fr\/wp-content\/uploads\/2020\/09\/901-13-09-2020-3-scaled.jpg?resize=300%2C225&amp;ssl=1 300w, https:\/\/i2.wp.com\/901motoclub.fr\/wp-content\/uploads\/2020\/09\/901-13-09-2020-3-scaled.jpg?resize=1600%2C1200&amp;ssl=1 1600w, https:\/\/i2.wp.com\/901motoclub.fr\/wp-content\/uploads\/2020\/09\/901-13-09-2020-3-scaled.jpg?resize=768%2C576&amp;ssl=1 768w, https:\/\/i2.wp.com\/901motoclub.fr\/wp-content\/uploads\/2020\/09\/901-13-09-2020-3-scaled.jpg?resize=1536%2C1152&amp;ssl=1 1536w, https:\/\/i2.wp.com\/901motoclub.fr\/wp-content\/uploads\/2020\/09\/901-13-09-2020-3-scaled.jpg?resize=2048%2C1536&amp;ssl=1 2048w\" sizes=\"auto, (max-width: 300px) 100vw, 300px\" \/><\/a>\n\t\t\t<\/dt><\/dl><br style=\"clear: both\" \/><dl class='gallery-item'>\n\t\t\t<dt class='gallery-icon landscape'>\n\t\t\t\t<a href='https:\/\/901motoclub.fr\/index.php\/2020\/09\/16\/balade-du-13-septembre-2020-les-balmes-de-montbrun\/901-13-09-2020-4\/'><img loading=\"lazy\" decoding=\"async\" width=\"300\" height=\"225\" src=\"https:\/\/i1.wp.com\/901motoclub.fr\/wp-content\/uploads\/2020\/09\/901-13-09-2020-4-scaled.jpg?fit=300%2C225&amp;ssl=1\" class=\"attachment-medium size-medium\" alt=\"\" srcset=\"https:\/\/i1.wp.com\/901motoclub.fr\/wp-content\/uploads\/2020\/09\/901-13-09-2020-4-scaled.jpg?w=2560&amp;ssl=1 2560w, https:\/\/i1.wp.com\/901motoclub.fr\/wp-content\/uploads\/2020\/09\/901-13-09-2020-4-scaled.jpg?resize=300%2C225&amp;ssl=1 300w, https:\/\/i1.wp.com\/901motoclub.fr\/wp-content\/uploads\/2020\/09\/901-13-09-2020-4-scaled.jpg?resize=1600%2C1200&amp;ssl=1 1600w, https:\/\/i1.wp.com\/901motoclub.fr\/wp-content\/uploads\/2020\/09\/901-13-09-2020-4-scaled.jpg?resize=768%2C576&amp;ssl=1 768w, https:\/\/i1.wp.com\/901motoclub.fr\/wp-content\/uploads\/2020\/09\/901-13-09-2020-4-scaled.jpg?resize=1536%2C1152&amp;ssl=1 1536w, https:\/\/i1.wp.com\/901motoclub.fr\/wp-content\/uploads\/2020\/09\/901-13-09-2020-4-scaled.jpg?resize=2048%2C1536&amp;ssl=1 2048w\" sizes=\"auto, (max-width: 300px) 100vw, 300px\" \/><\/a>\n\t\t\t<\/dt><\/dl><dl class='gallery-item'>\n\t\t\t<dt class='gallery-icon landscape'>\n\t\t\t\t<a href='https:\/\/901motoclub.fr\/index.php\/2020\/09\/16\/balade-du-13-septembre-2020-les-balmes-de-montbrun\/901-13-09-2020-5\/'><img loading=\"lazy\" decoding=\"async\" width=\"300\" height=\"225\" src=\"https:\/\/i2.wp.com\/901motoclub.fr\/wp-content\/uploads\/2020\/09\/901-13-09-2020-5-scaled.jpg?fit=300%2C225&amp;ssl=1\" class=\"attachment-medium size-medium\" alt=\"\" srcset=\"https:\/\/i2.wp.com\/901motoclub.fr\/wp-content\/uploads\/2020\/09\/901-13-09-2020-5-scaled.jpg?w=2560&amp;ssl=1 2560w, https:\/\/i2.wp.com\/901motoclub.fr\/wp-content\/uploads\/2020\/09\/901-13-09-2020-5-scaled.jpg?resize=300%2C225&amp;ssl=1 300w, https:\/\/i2.wp.com\/901motoclub.fr\/wp-content\/uploads\/2020\/09\/901-13-09-2020-5-scaled.jpg?resize=1600%2C1200&amp;ssl=1 1600w, https:\/\/i2.wp.com\/901motoclub.fr\/wp-content\/uploads\/2020\/09\/901-13-09-2020-5-scaled.jpg?resize=768%2C576&amp;ssl=1 768w, https:\/\/i2.wp.com\/901motoclub.fr\/wp-content\/uploads\/2020\/09\/901-13-09-2020-5-scaled.jpg?resize=1536%2C1152&amp;ssl=1 1536w, https:\/\/i2.wp.com\/901motoclub.fr\/wp-content\/uploads\/2020\/09\/901-13-09-2020-5-scaled.jpg?resize=2048%2C1536&amp;ssl=1 2048w\" sizes=\"auto, (max-width: 300px) 100vw, 300px\" \/><\/a>\n\t\t\t<\/dt><\/dl><dl class='gallery-item'>\n\t\t\t<dt class='gallery-icon landscape'>\n\t\t\t\t<a href='https:\/\/901motoclub.fr\/index.php\/2020\/09\/16\/balade-du-13-septembre-2020-les-balmes-de-montbrun\/901-13-09-2020-6\/'><img loading=\"lazy\" decoding=\"async\" width=\"300\" height=\"225\" src=\"https:\/\/i1.wp.com\/901motoclub.fr\/wp-content\/uploads\/2020\/09\/901-13-09-2020-6-scaled.jpg?fit=300%2C225&amp;ssl=1\" class=\"attachment-medium size-medium\" alt=\"\" srcset=\"https:\/\/i1.wp.com\/901motoclub.fr\/wp-content\/uploads\/2020\/09\/901-13-09-2020-6-scaled.jpg?w=2560&amp;ssl=1 2560w, https:\/\/i1.wp.com\/901motoclub.fr\/wp-content\/uploads\/2020\/09\/901-13-09-2020-6-scaled.jpg?resize=300%2C225&amp;ssl=1 300w, https:\/\/i1.wp.com\/901motoclub.fr\/wp-content\/uploads\/2020\/09\/901-13-09-2020-6-scaled.jpg?resize=1600%2C1200&amp;ssl=1 1600w, https:\/\/i1.wp.com\/901motoclub.fr\/wp-content\/uploads\/2020\/09\/901-13-09-2020-6-scaled.jpg?resize=768%2C576&amp;ssl=1 768w, https:\/\/i1.wp.com\/901motoclub.fr\/wp-content\/uploads\/2020\/09\/901-13-09-2020-6-scaled.jpg?resize=1536%2C1152&amp;ssl=1 1536w, https:\/\/i1.wp.com\/901motoclub.fr\/wp-content\/uploads\/2020\/09\/901-13-09-2020-6-scaled.jpg?resize=2048%2C1536&amp;ssl=1 2048w\" sizes=\"auto, (max-width: 300px) 100vw, 300px\" \/><\/a>\n\t\t\t<\/dt><\/dl><br style=\"clear: both\" \/>\n\t\t<\/div>\n\n","protected":false},"excerpt":{"rendered":"<p>Ce dimanche 13 septembre, c&#8217;est la rentr\u00e9e ! Celle du Motoclub apr\u00e8s 6 mois d&#8217;interruption due \u00e0 un minuscule mais n\u00e9anmoins tr\u00e8s dangereux virus ! Au d\u00e9part, au Bar des Sports, chez Eric, nous voici quatre vaillants motocyclistes et une seule passag\u00e8re, B\u00e9atrice; les pilotes sont G\u00e9rard, Christian, Jean et moi-m\u00eame. 3 BM contre une [&hellip;]<\/p>\n","protected":false},"author":35,"featured_media":4720,"comment_status":"open","ping_status":"open","sticky":false,"template":"","format":"standard","meta":{"spay_email":"","footnotes":""},"categories":[12,3,4],"tags":[],"class_list":["post-4716","post","type-post","status-publish","format-standard","has-post-thumbnail","hentry","category-activites","category-balades","category-demie-journee"],"jetpack_featured_media_url":"https:\/\/i1.wp.com\/901motoclub.fr\/wp-content\/uploads\/2020\/09\/901-13-09-2020-4-scaled.jpg?fit=2560%2C1920&ssl=1","jetpack_shortlink":"https:\/\/wp.me\/p6Us3q-1e4","_links":{"self":[{"href":"https:\/\/901motoclub.fr\/index.php\/wp-json\/wp\/v2\/posts\/4716","targetHints":{"allow":["GET"]}}],"collection":[{"href":"https:\/\/901motoclub.fr\/index.php\/wp-json\/wp\/v2\/posts"}],"about":[{"href":"https:\/\/901motoclub.fr\/index.php\/wp-json\/wp\/v2\/types\/post"}],"author":[{"embeddable":true,"href":"https:\/\/901motoclub.fr\/index.php\/wp-json\/wp\/v2\/users\/35"}],"replies":[{"embeddable":true,"href":"https:\/\/901motoclub.fr\/index.php\/wp-json\/wp\/v2\/comments?post=4716"}],"version-history":[{"count":3,"href":"https:\/\/901motoclub.fr\/index.php\/wp-json\/wp\/v2\/posts\/4716\/revisions"}],"predecessor-version":[{"id":4726,"href":"https:\/\/901motoclub.fr\/index.php\/wp-json\/wp\/v2\/posts\/4716\/revisions\/4726"}],"wp:featuredmedia":[{"embeddable":true,"href":"https:\/\/901motoclub.fr\/index.php\/wp-json\/wp\/v2\/media\/4720"}],"wp:attachment":[{"href":"https:\/\/901motoclub.fr\/index.php\/wp-json\/wp\/v2\/media?parent=4716"}],"wp:term":[{"taxonomy":"category","embeddable":true,"href":"https:\/\/901motoclub.fr\/index.php\/wp-json\/wp\/v2\/categories?post=4716"},{"taxonomy":"post_tag","embeddable":true,"href":"https:\/\/901motoclub.fr\/index.php\/wp-json\/wp\/v2\/tags?post=4716"}],"curies":[{"name":"wp","href":"https:\/\/api.w.org\/{rel}","templated":true}]}}