{"id":4770,"date":"2020-10-27T16:57:58","date_gmt":"2020-10-27T15:57:58","guid":{"rendered":"https:\/\/901motoclub.fr\/?p=4770"},"modified":"2020-10-27T16:59:30","modified_gmt":"2020-10-27T15:59:30","slug":"a-venir-balade-du-8-novembre-2020-vers-buis-les-baronnies","status":"publish","type":"post","link":"https:\/\/901motoclub.fr\/index.php\/2020\/10\/27\/a-venir-balade-du-8-novembre-2020-vers-buis-les-baronnies\/","title":{"rendered":"A venir : Balade du 8 novembre 2020 vers Buis-les-Baronnies"},"content":{"rendered":"<p>Bonjour \u00e0 tous\u00a0!<\/p>\n<p>L&#8217;an dernier, presque \u00e0 la m\u00eame \u00e9poque, j&#8217;avais propos\u00e9 cette balade \u00e0 Jean mais les conditions m\u00e9t\u00e9orologiques de l&#8217;\u00e9poque nous avaient contraints \u00e0 deux reprises \u00e0 y renoncer.<\/p>\n<p>Pour \u00e9viter le froid au mieux, nous vous proposons de prendre la direction de la Dr\u00f4me proven\u00e7ale et en particulier Nyons, surnomm\u00e9 le petit Nice en raison de son ensoleillement exceptionnel.<\/p>\n<p>Nous quitterons Saint Paul le Jeune en direction de Vallon Pont d&#8217;Arc pour traverser Saint Rem\u00e9ze puis Bourg Saint And\u00e9ol par cette route fort aimable qui nous fait passer devant la reconstitution de la grotte Chauvet. Ensuite nous traverserons Grignan o\u00f9 le souvenir de Mme de S\u00e9vign\u00e9 reste tr\u00e8s vif.<\/p>\n<p>Nous nous approcherons des Baronnies pour acc\u00e9der \u00e0 Nyons, pays de l&#8217;olive. Le d\u00e9jeuner y est pr\u00e9vu. Nous nous dirigerons ensuite vers Buis les Baronnies apr\u00e8s \u00eatre pass\u00e9s par le col d&#8217;Ey et ses vues sur le Mont Ventoux.<br \/>\nLe retour se fera par Mirabel aux Baronnies, en fr\u00f4lant une petite ville au nom plein de contradictions ( Vinsobres) puis Boll\u00e9ne, Pont Saint Esprit, Barjac et, Saint Paul le Jeune en fin d&#8217;apr\u00e8s midi.<br \/>\nComme d&#8217;habitude, le d\u00e9part se fera \u00e0 8h30 de chez notre sympathique Eric.<\/p>\n<p><strong>Il vous est demand\u00e9 de vous inscrire, nombreux, avant le dimanche 1er novembre. En effet, le restaurant qui sera retenu d\u00e9pend du nombre de couverts \u00e0 dresser.<\/strong><\/p>\n<p>Bien entendu, <strong>la faisabilit\u00e9 de notre sortie est directement li\u00e9e \u00e0 la port\u00e9e des nouvelles restrictions sanitaires peut-\u00eatre annonc\u00e9es cette semaine.<\/strong><\/p>\n<p>Denis<\/p>\n<p>PS :Le trajet peut \u00eatre t\u00e9l\u00e9charg\u00e9 pour votre GPS, comme pour les autres sorties, en format <strong><a href=\"http:\/\/901motoclub.fr\/wp-content\/uploads\/gps\/901-24-11-2019.gpx\">Garmin<\/a><\/strong> ou en format <strong><a href=\"http:\/\/901motoclub.fr\/wp-content\/uploads\/gps\/901-24-11-2019.itn\">Tomtom<\/a><\/strong><\/p>\n","protected":false},"excerpt":{"rendered":"<p>Bonjour \u00e0 tous\u00a0! L&#8217;an dernier, presque \u00e0 la m\u00eame \u00e9poque, j&#8217;avais propos\u00e9 cette balade \u00e0 Jean mais les conditions m\u00e9t\u00e9orologiques de l&#8217;\u00e9poque nous avaient contraints \u00e0 deux reprises \u00e0 y renoncer. Pour \u00e9viter le froid au mieux, nous vous proposons de prendre la direction de la Dr\u00f4me proven\u00e7ale et en particulier Nyons, surnomm\u00e9 le petit [&hellip;]<\/p>\n","protected":false},"author":6,"featured_media":4771,"comment_status":"open","ping_status":"open","sticky":false,"template":"","format":"standard","meta":{"spay_email":"","footnotes":""},"categories":[8,3,5],"tags":[],"class_list":["post-4770","post","type-post","status-publish","format-standard","has-post-thumbnail","hentry","category-actualites","category-balades","category-journee"],"jetpack_featured_media_url":"https:\/\/i0.wp.com\/901motoclub.fr\/wp-content\/uploads\/2020\/10\/A283CF9287D149F68D9D1A773581874C.jpg?fit=967%2C629&ssl=1","jetpack_shortlink":"https:\/\/wp.me\/p6Us3q-1eW","_links":{"self":[{"href":"https:\/\/901motoclub.fr\/index.php\/wp-json\/wp\/v2\/posts\/4770","targetHints":{"allow":["GET"]}}],"collection":[{"href":"https:\/\/901motoclub.fr\/index.php\/wp-json\/wp\/v2\/posts"}],"about":[{"href":"https:\/\/901motoclub.fr\/index.php\/wp-json\/wp\/v2\/types\/post"}],"author":[{"embeddable":true,"href":"https:\/\/901motoclub.fr\/index.php\/wp-json\/wp\/v2\/users\/6"}],"replies":[{"embeddable":true,"href":"https:\/\/901motoclub.fr\/index.php\/wp-json\/wp\/v2\/comments?post=4770"}],"version-history":[{"count":4,"href":"https:\/\/901motoclub.fr\/index.php\/wp-json\/wp\/v2\/posts\/4770\/revisions"}],"predecessor-version":[{"id":4773,"href":"https:\/\/901motoclub.fr\/index.php\/wp-json\/wp\/v2\/posts\/4770\/revisions\/4773"}],"wp:featuredmedia":[{"embeddable":true,"href":"https:\/\/901motoclub.fr\/index.php\/wp-json\/wp\/v2\/media\/4771"}],"wp:attachment":[{"href":"https:\/\/901motoclub.fr\/index.php\/wp-json\/wp\/v2\/media?parent=4770"}],"wp:term":[{"taxonomy":"category","embeddable":true,"href":"https:\/\/901motoclub.fr\/index.php\/wp-json\/wp\/v2\/categories?post=4770"},{"taxonomy":"post_tag","embeddable":true,"href":"https:\/\/901motoclub.fr\/index.php\/wp-json\/wp\/v2\/tags?post=4770"}],"curies":[{"name":"wp","href":"https:\/\/api.w.org\/{rel}","templated":true}]}}