{"id":592,"date":"2016-03-07T17:23:06","date_gmt":"2016-03-07T16:23:06","guid":{"rendered":"http:\/\/901motoclub.fr\/?p=592"},"modified":"2016-03-19T18:13:21","modified_gmt":"2016-03-19T17:13:21","slug":"a-venir-assemblee-generale-le-19-mars-2016","status":"publish","type":"post","link":"https:\/\/901motoclub.fr\/index.php\/2016\/03\/07\/a-venir-assemblee-generale-le-19-mars-2016\/","title":{"rendered":"A venir : Assembl\u00e9e g\u00e9n\u00e9rale le 19 mars 2016"},"content":{"rendered":"<p>Amis motardes et amis motards, bonjour.<\/p>\n<p>Cette ann\u00e9e 2016 est d\u00e9j\u00e0 bien entam\u00e9e et quelques belles balades sont venues am\u00e9liorer notre quotidien.<\/p>\n<p>Il est maintenant temps de nous r\u00e9unir en Assembl\u00e9e G\u00e9n\u00e9rale pour d\u00e9terminer les lignes principales de notre ann\u00e9e en cours.<\/p>\n<p>Comme il l&#8217;avait \u00e9t\u00e9 sugg\u00e9r\u00e9 l&#8217;ann\u00e9e derni\u00e8re, un rallye touristique moto va \u00eatre fait au mois de mai.<\/p>\n<p>Plusieurs solutions s&#8217;offrent \u00e0 nous et c&#8217;est au cours de cette AG que nos membres vont pouvoir s&#8217;exprimer sur leurs pr\u00e9f\u00e9rences.<\/p>\n<p>Nous avons en fait deux possibilit\u00e9s\u00a0:<\/p>\n<ol>\n<li>Organiser un rallye auquel ne participeraient <strong><u>QUE<\/u><\/strong> les membres du club (avec possibilit\u00e9 d&#8217;inviter un couple par membre).<\/li>\n<li>Organiser un rallye ouvert \u00e0 l&#8217;ext\u00e9rieur.<\/li>\n<\/ol>\n<p>Le choix num\u00e9ro 1 ferait que seulement 3 ou 4 personnes seraient en charge de la pr\u00e9paration (itin\u00e9raire, questions, devinettes, jeux, d\u00e9jeuner pique-nique). Tous les autres membres du club pourraient donc profiter de cette journ\u00e9e de d\u00e9tente.<\/p>\n<p>Pour le choix num\u00e9ro 2 qui implique beaucoup plus de participants, la quasi totalit\u00e9 des membres du club serait mobilis\u00e9e pour les pr\u00e9paratifs et pour la journ\u00e9e du rallye.<\/p>\n<p>En ce qui me concerne, je serais plus port\u00e9 vers le choix num\u00e9ro 1, pour que cette journ\u00e9e soit plus paisible et plus facile \u00e0 pr\u00e9parer. D&#8217;autre part, la pr\u00e9paration de ce premier rallye nous permettrait peut-\u00eatre d&#8217;envisager, si la journ\u00e9e est r\u00e9ussie, un autre rallye l&#8217;ann\u00e9e prochaine, ouvert \u00e0 l&#8217;ext\u00e9rieur.<\/p>\n<p>Ce sera \u00e0 vous de d\u00e9cider au cours de cette AG o\u00f9 Jean, notre cher tr\u00e9sorier, vous pr\u00e9sentera l&#8217;\u00e9tat de nos comptes.<\/p>\n<p>Avec \u00ab\u00a0un peu\u00a0\u00bb de chance, nous aurons \u00e9galement les \u00e9cussons que Jean a command\u00e9s. Esp\u00e9rons qu&#8217;ils arrivent \u00e0 temps.<\/p>\n<p>En attendant de nous retrouver, n&#8217;h\u00e9sitez pas \u00e0 commenter ci-dessous, passez une bonne semaine, sans oublier <a href=\"http:\/\/901motoclub.fr\/index.php\/2016\/02\/29\/a-venir-balade-du-13-mars-2016-vers-le-pont-du-gard\/\" target=\"_blank\">notre prochaine balade de dimanche<\/a>, 13 mars, qui nous conduira au Pont du Gard.<\/p>\n<p>Bises \u00e0 tous.<\/p>\n<p>Laurent<\/p>\n","protected":false},"excerpt":{"rendered":"<p>Amis motardes et amis motards, bonjour. Cette ann\u00e9e 2016 est d\u00e9j\u00e0 bien entam\u00e9e et quelques belles balades sont venues am\u00e9liorer notre quotidien. Il est maintenant temps de nous r\u00e9unir en Assembl\u00e9e G\u00e9n\u00e9rale pour d\u00e9terminer les lignes principales de notre ann\u00e9e en cours. Comme il l&#8217;avait \u00e9t\u00e9 sugg\u00e9r\u00e9 l&#8217;ann\u00e9e derni\u00e8re, un rallye touristique moto va \u00eatre [&hellip;]<\/p>\n","protected":false},"author":4,"featured_media":0,"comment_status":"open","ping_status":"open","sticky":false,"template":"","format":"standard","meta":{"spay_email":"","footnotes":""},"categories":[8,6],"tags":[],"class_list":["post-592","post","type-post","status-publish","format-standard","hentry","category-actualites","category-reunion"],"jetpack_featured_media_url":"","jetpack_shortlink":"https:\/\/wp.me\/p6Us3q-9y","_links":{"self":[{"href":"https:\/\/901motoclub.fr\/index.php\/wp-json\/wp\/v2\/posts\/592","targetHints":{"allow":["GET"]}}],"collection":[{"href":"https:\/\/901motoclub.fr\/index.php\/wp-json\/wp\/v2\/posts"}],"about":[{"href":"https:\/\/901motoclub.fr\/index.php\/wp-json\/wp\/v2\/types\/post"}],"author":[{"embeddable":true,"href":"https:\/\/901motoclub.fr\/index.php\/wp-json\/wp\/v2\/users\/4"}],"replies":[{"embeddable":true,"href":"https:\/\/901motoclub.fr\/index.php\/wp-json\/wp\/v2\/comments?post=592"}],"version-history":[{"count":3,"href":"https:\/\/901motoclub.fr\/index.php\/wp-json\/wp\/v2\/posts\/592\/revisions"}],"predecessor-version":[{"id":596,"href":"https:\/\/901motoclub.fr\/index.php\/wp-json\/wp\/v2\/posts\/592\/revisions\/596"}],"wp:attachment":[{"href":"https:\/\/901motoclub.fr\/index.php\/wp-json\/wp\/v2\/media?parent=592"}],"wp:term":[{"taxonomy":"category","embeddable":true,"href":"https:\/\/901motoclub.fr\/index.php\/wp-json\/wp\/v2\/categories?post=592"},{"taxonomy":"post_tag","embeddable":true,"href":"https:\/\/901motoclub.fr\/index.php\/wp-json\/wp\/v2\/tags?post=592"}],"curies":[{"name":"wp","href":"https:\/\/api.w.org\/{rel}","templated":true}]}}