{"id":620,"date":"2016-03-16T12:23:51","date_gmt":"2016-03-16T11:23:51","guid":{"rendered":"http:\/\/901motoclub.fr\/?p=620"},"modified":"2016-04-10T17:08:59","modified_gmt":"2016-04-10T15:08:59","slug":"a-venir-balade-du-3-avril-2016-vers-le-mont-lozere","status":"publish","type":"post","link":"https:\/\/901motoclub.fr\/index.php\/2016\/03\/16\/a-venir-balade-du-3-avril-2016-vers-le-mont-lozere\/","title":{"rendered":"Annul\u00e9e : Balade du 3 avril 2016 vers le Mont Loz\u00e8re"},"content":{"rendered":"<p>Apr\u00e8s la sympathique balade vers le Pont du Gard, direction la montagne !<\/p>\n<p>Le froid devrait d\u00e9sormais \u00eatre plus mod\u00e9r\u00e9 dans les C\u00e9vennes et la douceur du printemps va permettre aux plus frileux (ou aux moins bien \u00e9quip\u00e9s) de prendre un peu d&#8217;altitude&#8230;<\/p>\n<p>Donc nous partirons en terrain connu vers Gagni\u00e8res, Bess\u00e8ges, Peyremale et Chamborigaud. Ensuite, nous quitterons le Gard pour la Loz\u00e8re peu apr\u00e8s Belle-Poile (\u00e7a me fait toujours rire) vers Vialas et Saint-Maurice-du-Ventalon pour attendre le Pont-de-Montvert. Pause garantie au bord du Tarn !<\/p>\n<p>Enfin, nous monterons au col du Finiels. Il culmine \u00e0 1541 m tout de m\u00eame. C&#8217;est le deuxi\u00e8me col le plus haut de tout le Massif Central. Une fois bascul\u00e9s dans la descente, direction le Bleymard o\u00f9 les plus petits r\u00e9servoirs pourront, en principe, refaire le plein. Y a pas trop de stations services dans le coin !<\/p>\n<p>La D901 nous ram\u00e8nera directement vers Saint-Paul-le-Jeune en passant par Altier (attention travaux !), Villefort et les Vans par le c\u00e9l\u00e8bre col du Mas de l&#8217;Ayre. Le parcours nous permettra d&#8217;alterner trajets paisibles et parties plus rapides pour ceux qui en auront envie.<\/p>\n<p>Int\u00e9ress\u00e9s par le trajet ? Vous pouvez le t\u00e9l\u00e9charger en format <strong><a href=\"http:\/\/901motoclub.fr\/wp-content\/upl.oads\/gps\/901-03-04-2016.gpx\">Garmin<\/a><\/strong> ou en format <strong><a href=\"http:\/\/901motoclub.fr\/wp-content\/uploads\/gps\/901-03-04-2016.itn\">Tomtom<\/a><\/strong> ou bien en format <strong><a href=\"http:\/\/901motoclub.fr\/wp-content\/uploads\/gps\/901-03-04-2016.kml\">Google Earth<\/a><\/strong>.<\/p>\n<p>Comme d&#8217;habitude le rendez vous est \u00e0 13h30 au Bar des Sports de Saint-Paul-le-Jeune. Comme d&#8217;habitude \u00e9galement, <strong>merci de faire savoir un commentaire<\/strong> ci-dessous que vous avez l&#8217;intention (ou pas) de participer \u00e0 cette sortie.<\/p>\n","protected":false},"excerpt":{"rendered":"<p>Apr\u00e8s la sympathique balade vers le Pont du Gard, direction la montagne ! Le froid devrait d\u00e9sormais \u00eatre plus mod\u00e9r\u00e9 dans les C\u00e9vennes et la douceur du printemps va permettre aux plus frileux (ou aux moins bien \u00e9quip\u00e9s) de prendre un peu d&#8217;altitude&#8230; Donc nous partirons en terrain connu vers Gagni\u00e8res, Bess\u00e8ges, Peyremale et Chamborigaud. [&hellip;]<\/p>\n","protected":false},"author":1,"featured_media":621,"comment_status":"open","ping_status":"open","sticky":false,"template":"","format":"standard","meta":{"spay_email":"","footnotes":""},"categories":[12,8],"tags":[],"class_list":["post-620","post","type-post","status-publish","format-standard","has-post-thumbnail","hentry","category-activites","category-actualites"],"jetpack_featured_media_url":"https:\/\/i2.wp.com\/901motoclub.fr\/wp-content\/uploads\/2016\/03\/901-03-04-2016.jpg?fit=802%2C569&ssl=1","jetpack_shortlink":"https:\/\/wp.me\/p6Us3q-a0","_links":{"self":[{"href":"https:\/\/901motoclub.fr\/index.php\/wp-json\/wp\/v2\/posts\/620","targetHints":{"allow":["GET"]}}],"collection":[{"href":"https:\/\/901motoclub.fr\/index.php\/wp-json\/wp\/v2\/posts"}],"about":[{"href":"https:\/\/901motoclub.fr\/index.php\/wp-json\/wp\/v2\/types\/post"}],"author":[{"embeddable":true,"href":"https:\/\/901motoclub.fr\/index.php\/wp-json\/wp\/v2\/users\/1"}],"replies":[{"embeddable":true,"href":"https:\/\/901motoclub.fr\/index.php\/wp-json\/wp\/v2\/comments?post=620"}],"version-history":[{"count":4,"href":"https:\/\/901motoclub.fr\/index.php\/wp-json\/wp\/v2\/posts\/620\/revisions"}],"predecessor-version":[{"id":646,"href":"https:\/\/901motoclub.fr\/index.php\/wp-json\/wp\/v2\/posts\/620\/revisions\/646"}],"wp:featuredmedia":[{"embeddable":true,"href":"https:\/\/901motoclub.fr\/index.php\/wp-json\/wp\/v2\/media\/621"}],"wp:attachment":[{"href":"https:\/\/901motoclub.fr\/index.php\/wp-json\/wp\/v2\/media?parent=620"}],"wp:term":[{"taxonomy":"category","embeddable":true,"href":"https:\/\/901motoclub.fr\/index.php\/wp-json\/wp\/v2\/categories?post=620"},{"taxonomy":"post_tag","embeddable":true,"href":"https:\/\/901motoclub.fr\/index.php\/wp-json\/wp\/v2\/tags?post=620"}],"curies":[{"name":"wp","href":"https:\/\/api.w.org\/{rel}","templated":true}]}}