{"id":625,"date":"2016-03-21T19:05:44","date_gmt":"2016-03-21T18:05:44","guid":{"rendered":"http:\/\/901motoclub.fr\/?p=625"},"modified":"2016-04-24T20:19:54","modified_gmt":"2016-04-24T18:19:54","slug":"a-venir-balade-du-24-avril-2016-vers-la-corniche-des-cevennes","status":"publish","type":"post","link":"https:\/\/901motoclub.fr\/index.php\/2016\/03\/21\/a-venir-balade-du-24-avril-2016-vers-la-corniche-des-cevennes\/","title":{"rendered":"A venir : Balade du 24 avril 2016 vers la Corniche des C\u00e9vennes"},"content":{"rendered":"<p>Le 24 avril, il fera beau (il faisait 24,4\u00b0 aux Vans le 24 avril 2014 et 26,9\u00b0 en 2015) !<\/p>\n<p>Cela sera le moment d&#8217;aller d\u00e9couvrir la fameuse Corniche des C\u00e9vennes (ou la red\u00e9couvrir pour ceux qui sont d\u00e9j\u00e0 pass\u00e9s par l\u00e0).<\/p>\n<div>\n<p>La Corniche des C\u00e9vennes est un itin\u00e9raire qui relie en cr\u00eate Saint-Jean-du-Gard \u00e0 Florac via Le Pompidou. A droite de la route:\u00a0 la Vall\u00e9e Fran\u00e7aise. A gauche, la Vall\u00e9e Borgne.\u00a0 Cet axe ancien est devenu au fil du temps un important axe \u00e9conomique et touristique. Autrefois chemin de transhumance, aujourd&#8217;hui surtout route touristique. Cette voie n&#8217;a \u00e9t\u00e9 enti\u00e8rement goudronn\u00e9e que dans les ann\u00e9es 1970. Depuis, c&#8217;est une vraie route \u00e0 moto !<\/p>\n<p>Nous rejoindrons Saint-Jean-du-Gard pour attaquer la mont\u00e9e vers le Pompidou. En redescendant des hauteurs, une halte est pr\u00e9vue \u00e0 Saint-Laurent-de-Tr\u00e8ves pour admirer les empreintes de dinosaures conserv\u00e9es dans la pierre (les empreintes, pas les dinosaures). Pour nous remettre de nos \u00e9motions, la restauration est pr\u00e9vue \u00e0 Florac dans un restaurant (qui reste \u00e0 confirmer).<\/p>\n<p>Le retour se fera par la Vall\u00e9e Borgne,\u00a0 donc par la D907, Saint Andr\u00e9 de Valborgne et Anduze.<\/p>\n<p>Int\u00e9ress\u00e9s par le trajet ? Vous pouvez le t\u00e9l\u00e9charger en format <strong><a href=\"http:\/\/901motoclub.fr\/wp-content\/uploads\/gps\/901-24-04-2016.gpx\">Garmin<\/a><\/strong> ou en format <strong><a href=\"http:\/\/901motoclub.fr\/wp-content\/uploads\/gps\/901-24-04-2016.itn\">Tomtom<\/a><\/strong> ou bien le consulter en format <strong><a href=\"http:\/\/901motoclub.fr\/wp-content\/uploads\/gps\/901-24-04-2016.kml\">Google Earth<\/a><\/strong>.<\/p>\n<p>Le d\u00e9part aura lieu \u00e0 9 heures du Bar des Sports \u00e0 Saint-Paul-le-Jeune (j&#8217;ai \u00e9crit le d\u00e9part, pas le rendez-vous &#8211; je dis \u00e7a pour ceux qui lisent un peu vite&#8230;).<\/p>\n<p><strong>Inscrivez vous par un commentaire pour la balade. <\/strong>C&#8217;est n\u00e9cessaire car la r\u00e9servation du restaurant nous impose de conna\u00eetre le nombre de participants \u00e0 la balade !<\/p>\n<\/div>\n<p>Bonne journ\u00e9e \u00e0 tous !<\/p>\n","protected":false},"excerpt":{"rendered":"<p>Le 24 avril, il fera beau (il faisait 24,4\u00b0 aux Vans le 24 avril 2014 et 26,9\u00b0 en 2015) ! Cela sera le moment d&#8217;aller d\u00e9couvrir la fameuse Corniche des C\u00e9vennes (ou la red\u00e9couvrir pour ceux qui sont d\u00e9j\u00e0 pass\u00e9s par l\u00e0). La Corniche des C\u00e9vennes est un itin\u00e9raire qui relie en cr\u00eate Saint-Jean-du-Gard \u00e0 [&hellip;]<\/p>\n","protected":false},"author":1,"featured_media":626,"comment_status":"open","ping_status":"open","sticky":false,"template":"","format":"standard","meta":{"spay_email":"","footnotes":""},"categories":[12,8],"tags":[],"class_list":["post-625","post","type-post","status-publish","format-standard","has-post-thumbnail","hentry","category-activites","category-actualites"],"jetpack_featured_media_url":"https:\/\/i0.wp.com\/901motoclub.fr\/wp-content\/uploads\/2016\/03\/Capture.jpg?fit=967%2C697&ssl=1","jetpack_shortlink":"https:\/\/wp.me\/p6Us3q-a5","_links":{"self":[{"href":"https:\/\/901motoclub.fr\/index.php\/wp-json\/wp\/v2\/posts\/625","targetHints":{"allow":["GET"]}}],"collection":[{"href":"https:\/\/901motoclub.fr\/index.php\/wp-json\/wp\/v2\/posts"}],"about":[{"href":"https:\/\/901motoclub.fr\/index.php\/wp-json\/wp\/v2\/types\/post"}],"author":[{"embeddable":true,"href":"https:\/\/901motoclub.fr\/index.php\/wp-json\/wp\/v2\/users\/1"}],"replies":[{"embeddable":true,"href":"https:\/\/901motoclub.fr\/index.php\/wp-json\/wp\/v2\/comments?post=625"}],"version-history":[{"count":3,"href":"https:\/\/901motoclub.fr\/index.php\/wp-json\/wp\/v2\/posts\/625\/revisions"}],"predecessor-version":[{"id":667,"href":"https:\/\/901motoclub.fr\/index.php\/wp-json\/wp\/v2\/posts\/625\/revisions\/667"}],"wp:featuredmedia":[{"embeddable":true,"href":"https:\/\/901motoclub.fr\/index.php\/wp-json\/wp\/v2\/media\/626"}],"wp:attachment":[{"href":"https:\/\/901motoclub.fr\/index.php\/wp-json\/wp\/v2\/media?parent=625"}],"wp:term":[{"taxonomy":"category","embeddable":true,"href":"https:\/\/901motoclub.fr\/index.php\/wp-json\/wp\/v2\/categories?post=625"},{"taxonomy":"post_tag","embeddable":true,"href":"https:\/\/901motoclub.fr\/index.php\/wp-json\/wp\/v2\/tags?post=625"}],"curies":[{"name":"wp","href":"https:\/\/api.w.org\/{rel}","templated":true}]}}