{"id":648,"date":"2016-04-10T18:14:40","date_gmt":"2016-04-10T16:14:40","guid":{"rendered":"http:\/\/901motoclub.fr\/?p=648"},"modified":"2016-04-10T18:14:40","modified_gmt":"2016-04-10T16:14:40","slug":"fier-du-901-moto-club","status":"publish","type":"post","link":"https:\/\/901motoclub.fr\/index.php\/2016\/04\/10\/fier-du-901-moto-club\/","title":{"rendered":"Fier du 901 Moto Club ?"},"content":{"rendered":"<p>Alors affichez la couleur !!<\/p>\n<p>Nous venons de recevoir la premi\u00e8re s\u00e9rie d&#8217;\u00e9cussons aux couleurs du club. Sur la base du logo dessin\u00e9 par J\u00e9r\u00f4me (quel talent !), nous avons fait faire une\u00a0 s\u00e9rie de 10 \u00e9cussons brod\u00e9s. Ils sont tr\u00e8s beaux !<img loading=\"lazy\" decoding=\"async\" class=\"alignleft wp-image-651\" src=\"https:\/\/i2.wp.com\/901motoclub.fr\/wp-content\/uploads\/2016\/04\/14601964838350.jpg?resize=200%2C150\" alt=\"14601964838350\" width=\"200\" height=\"150\" srcset=\"https:\/\/i2.wp.com\/901motoclub.fr\/wp-content\/uploads\/2016\/04\/14601964838350.jpg?w=1280&amp;ssl=1 1280w, https:\/\/i2.wp.com\/901motoclub.fr\/wp-content\/uploads\/2016\/04\/14601964838350.jpg?resize=300%2C225&amp;ssl=1 300w, https:\/\/i2.wp.com\/901motoclub.fr\/wp-content\/uploads\/2016\/04\/14601964838350.jpg?resize=768%2C576&amp;ssl=1 768w, https:\/\/i2.wp.com\/901motoclub.fr\/wp-content\/uploads\/2016\/04\/14601964838350.jpg?resize=1024%2C768&amp;ssl=1 1024w\" sizes=\"auto, (max-width: 200px) 100vw, 200px\" data-recalc-dims=\"1\" \/><\/p>\n<p>Ils sont thermocollants (attention \u00e0 ne pas br\u00fbler vos beaux blousons en les posant) mais il est \u00e9galement possible de les coudre ou bien de les coller, avec de la colle n\u00e9opr\u00e8ne par exemple. Les dimensions ? Relativement discrets avec leurs 11 cm de diagonale (10 cm sur 3,6 cm).<\/p>\n<p>Compte tenu des r\u00e9servations d\u00e9j\u00e0 post\u00e9es dans les commentaires du compte rendu de l&#8217;assembl\u00e9e g\u00e9n\u00e9rale (J\u00e9r\u00f4me, Laurent, Yvette, Jean-Pierre et Marie, Jean-Claude, Denis et Jean) il en reste encore deux. Compte tenu du co\u00fbt de la fabrication, ils sont revendus 20 \u20ac la b\u00eate avec un b\u00e9n\u00e9fice d&#8217;un peu plus de deux euros pour l&#8217;association.<\/p>\n<p>Si vous en souhaitez un exemplaire, faites vous conna\u00eetre\u00a0 par un commentaire de cet article (ci-dessous). Nous esp\u00e9rons que la demande exc\u00e8dera largement le stock, ce qui no<img loading=\"lazy\" decoding=\"async\" class=\"alignleft wp-image-657\" src=\"https:\/\/i0.wp.com\/901motoclub.fr\/wp-content\/uploads\/2016\/04\/ecusson.jpg?resize=200%2C150\" alt=\"\" width=\"200\" height=\"150\" srcset=\"https:\/\/i0.wp.com\/901motoclub.fr\/wp-content\/uploads\/2016\/04\/ecusson.jpg?w=450&amp;ssl=1 450w, https:\/\/i0.wp.com\/901motoclub.fr\/wp-content\/uploads\/2016\/04\/ecusson.jpg?resize=300%2C225&amp;ssl=1 300w\" sizes=\"auto, (max-width: 200px) 100vw, 200px\" data-recalc-dims=\"1\" \/>us permettra de relancer la fabrication d&#8217;une nouvelle s\u00e9rie dans les m\u00eames conditions. N&#8217;h\u00e9sitez pas \u00e0 nous dire \u00e9galement si un mod\u00e8le plus grand (entre 20 et 25 cm de diagonale) pour le dos vous tenterait&#8230;<\/p>\n<p>Nous avons \u00e9galement command\u00e9 des stickers en vinyl autocollant du m\u00eame format. A r\u00e9ception, chaque membre du club en recevra gracieusement un pour lui permettre d&#8217;afficher fi\u00e8rement son club sur sa moto, ses valises, sur sa vitrine, etc ! ! Pour tout sticker suppl\u00e9mentaire, un euro sera demand\u00e9 pour la caisse du club.<\/p>\n<p>Enfin, pour info, le Pr\u00e9sident Laurent, inquiet de la d\u00e9gradation de la D901 entre les Avelas et la Bildoire, a pris sa plume &#8211;\u00a0 fort belle par ailleurs &#8211; pour informer le Pr\u00e9sident du Conseil d\u00e9partemental du danger encouru par les usagers de cette portion de route, en particulier par les motards. Ces derniers mois, il y a d&#8217;ailleurs eu deux sorties de route vraisemblablement caus\u00e9es par l&#8217;adh\u00e9rence al\u00e9atoire du rev\u00eatement pourtant refait (particuli\u00e8rement mal) l\u2019ann\u00e9e derni\u00e8re. Et hop, cette semaine, en trois jours la portion de route a \u00e9t\u00e9 enti\u00e8rement recouverte par un bel enrob\u00e9, bien \u00e9pais, dont je garantis l&#8217;adh\u00e9rence pour l&#8217;avoir test\u00e9e \u00e0 plusieurs reprises !<\/p>\n<p>Bonne fin de week-end \u00e0 tous et n&#8217;oubliez pas de vous inscrire pour la sortie-journ\u00e9e du 24 avril vers <a href=\"http:\/\/901motoclub.fr\/index.php\/2016\/03\/21\/a-venir-balade-du-24-avril-2016-vers-la-corniche-des-cevennes\/\">la Corniche des C\u00e9vennes<\/a> (et les traces des dinosaures) avec pause le midi \u00e0 Florac).<\/p>\n","protected":false},"excerpt":{"rendered":"<p>Alors affichez la couleur !! Nous venons de recevoir la premi\u00e8re s\u00e9rie d&#8217;\u00e9cussons aux couleurs du club. Sur la base du logo dessin\u00e9 par J\u00e9r\u00f4me (quel talent !), nous avons fait faire une\u00a0 s\u00e9rie de 10 \u00e9cussons brod\u00e9s. Ils sont tr\u00e8s beaux ! Ils sont thermocollants (attention \u00e0 ne pas br\u00fbler vos beaux blousons en [&hellip;]<\/p>\n","protected":false},"author":1,"featured_media":0,"comment_status":"open","ping_status":"open","sticky":false,"template":"","format":"standard","meta":{"spay_email":"","footnotes":""},"categories":[8],"tags":[],"class_list":["post-648","post","type-post","status-publish","format-standard","hentry","category-actualites"],"jetpack_featured_media_url":"","jetpack_shortlink":"https:\/\/wp.me\/p6Us3q-as","_links":{"self":[{"href":"https:\/\/901motoclub.fr\/index.php\/wp-json\/wp\/v2\/posts\/648","targetHints":{"allow":["GET"]}}],"collection":[{"href":"https:\/\/901motoclub.fr\/index.php\/wp-json\/wp\/v2\/posts"}],"about":[{"href":"https:\/\/901motoclub.fr\/index.php\/wp-json\/wp\/v2\/types\/post"}],"author":[{"embeddable":true,"href":"https:\/\/901motoclub.fr\/index.php\/wp-json\/wp\/v2\/users\/1"}],"replies":[{"embeddable":true,"href":"https:\/\/901motoclub.fr\/index.php\/wp-json\/wp\/v2\/comments?post=648"}],"version-history":[{"count":7,"href":"https:\/\/901motoclub.fr\/index.php\/wp-json\/wp\/v2\/posts\/648\/revisions"}],"predecessor-version":[{"id":658,"href":"https:\/\/901motoclub.fr\/index.php\/wp-json\/wp\/v2\/posts\/648\/revisions\/658"}],"wp:attachment":[{"href":"https:\/\/901motoclub.fr\/index.php\/wp-json\/wp\/v2\/media?parent=648"}],"wp:term":[{"taxonomy":"category","embeddable":true,"href":"https:\/\/901motoclub.fr\/index.php\/wp-json\/wp\/v2\/categories?post=648"},{"taxonomy":"post_tag","embeddable":true,"href":"https:\/\/901motoclub.fr\/index.php\/wp-json\/wp\/v2\/tags?post=648"}],"curies":[{"name":"wp","href":"https:\/\/api.w.org\/{rel}","templated":true}]}}