{"id":816,"date":"2016-08-18T10:35:05","date_gmt":"2016-08-18T08:35:05","guid":{"rendered":"http:\/\/901motoclub.fr\/?p=816"},"modified":"2016-08-18T10:35:05","modified_gmt":"2016-08-18T08:35:05","slug":"a-venir-balade-du-28-aout-2016-vers-le-col-du-pre-de-la-dame","status":"publish","type":"post","link":"https:\/\/901motoclub.fr\/index.php\/2016\/08\/18\/a-venir-balade-du-28-aout-2016-vers-le-col-du-pre-de-la-dame\/","title":{"rendered":"A venir : Balade du 28 ao\u00fbt 2016 vers le col du Pr\u00e9 de la Dame"},"content":{"rendered":"<p>Bonjour les amis,<\/p>\n<p>La fin des vacances se profile (enfin pour ceux qui m&#8217;en profitent pas toute l&#8217;ann\u00e9e&#8230;) ! Et le moment est venu de reprendre nos sorties du dimanche.<\/p>\n<p>Pour red\u00e9marrer nos activit\u00e9s, la prochaine sortie aura lieu le dimanche 28 ao\u00fbt sur une distance de 108 km afin de reprendre tranquillement nos marques. Nos roues nous emm\u00e8nerons tout d&#8217;abord vers le ch\u00e2teau du Chaylard d&#8217;Aujac dans la vall\u00e9e de la C\u00e8ze. Nous passerons par Banne, Pig\u00e8re et Bonnevaux avant d&#8217;admirer ces vielles pierres.<\/p>\n<p>Ensuite direction G\u00e9nolhac puis la D362 qui monte vers le mas de la Barque pour prendre le temps d&#8217;admirer les panoramas de cette belle route sur le Mont Loz\u00e8re, notamment au col du Pr\u00e9 de la Dame. Nous redescendrons alors vers Villefort pour remonter vers le Col du Mas de l&#8217;Aire, passage incontournable de nos sorties, avant de rejoindre notre point de d\u00e9part.<\/p>\n<p>Le rendez-vous est <strong>au plus tard<\/strong> \u00e0 13h30 au Bar des Sports de Saint-Paul-le-Jeune.<\/p>\n<p>Int\u00e9ress\u00e9s par le trajet ? Vous pouvez le t\u00e9l\u00e9charger en format <strong><a href=\"http:\/\/901motoclub.fr\/wp-content\/uploads\/gps\/901-28-08-2016.gpx\">Garmin<\/a><\/strong> ou en format <strong><a href=\"http:\/\/901motoclub.fr\/wp-content\/uploads\/gps\/901-28-08-2016.itn\">Tomtom<\/a><\/strong> ou bien en format <strong><a href=\"http:\/\/901motoclub.fr\/wp-content\/uploads\/gps\/901-28-08-2016.kml\">Google Earth<\/a><\/strong>.<\/p>\n<p>Comme d&#8217;habitude le rendez vous est \u00e0 13h30 au Bar des Sports de Saint-Paul-le-Jeune. <strong>Merci de faire savoir un commentaire ci-dessous<\/strong> que vous avez l&#8217;intention (ou pas) de participer \u00e0 cette sortie.<\/p>\n","protected":false},"excerpt":{"rendered":"<p>Bonjour les amis, La fin des vacances se profile (enfin pour ceux qui m&#8217;en profitent pas toute l&#8217;ann\u00e9e&#8230;) ! Et le moment est venu de reprendre nos sorties du dimanche. Pour red\u00e9marrer nos activit\u00e9s, la prochaine sortie aura lieu le dimanche 28 ao\u00fbt sur une distance de 108 km afin de reprendre tranquillement nos marques. [&hellip;]<\/p>\n","protected":false},"author":1,"featured_media":818,"comment_status":"open","ping_status":"open","sticky":false,"template":"","format":"standard","meta":{"spay_email":"","footnotes":""},"categories":[1],"tags":[],"class_list":["post-816","post","type-post","status-publish","format-standard","has-post-thumbnail","hentry","category-non-classe"],"jetpack_featured_media_url":"https:\/\/i2.wp.com\/901motoclub.fr\/wp-content\/uploads\/2016\/08\/901-28-08-2016.jpg?fit=1012%2C706&ssl=1","jetpack_shortlink":"https:\/\/wp.me\/p6Us3q-da","_links":{"self":[{"href":"https:\/\/901motoclub.fr\/index.php\/wp-json\/wp\/v2\/posts\/816","targetHints":{"allow":["GET"]}}],"collection":[{"href":"https:\/\/901motoclub.fr\/index.php\/wp-json\/wp\/v2\/posts"}],"about":[{"href":"https:\/\/901motoclub.fr\/index.php\/wp-json\/wp\/v2\/types\/post"}],"author":[{"embeddable":true,"href":"https:\/\/901motoclub.fr\/index.php\/wp-json\/wp\/v2\/users\/1"}],"replies":[{"embeddable":true,"href":"https:\/\/901motoclub.fr\/index.php\/wp-json\/wp\/v2\/comments?post=816"}],"version-history":[{"count":4,"href":"https:\/\/901motoclub.fr\/index.php\/wp-json\/wp\/v2\/posts\/816\/revisions"}],"predecessor-version":[{"id":821,"href":"https:\/\/901motoclub.fr\/index.php\/wp-json\/wp\/v2\/posts\/816\/revisions\/821"}],"wp:featuredmedia":[{"embeddable":true,"href":"https:\/\/901motoclub.fr\/index.php\/wp-json\/wp\/v2\/media\/818"}],"wp:attachment":[{"href":"https:\/\/901motoclub.fr\/index.php\/wp-json\/wp\/v2\/media?parent=816"}],"wp:term":[{"taxonomy":"category","embeddable":true,"href":"https:\/\/901motoclub.fr\/index.php\/wp-json\/wp\/v2\/categories?post=816"},{"taxonomy":"post_tag","embeddable":true,"href":"https:\/\/901motoclub.fr\/index.php\/wp-json\/wp\/v2\/tags?post=816"}],"curies":[{"name":"wp","href":"https:\/\/api.w.org\/{rel}","templated":true}]}}