{"id":991,"date":"2017-01-26T12:02:40","date_gmt":"2017-01-26T11:02:40","guid":{"rendered":"http:\/\/901motoclub.fr\/?p=991"},"modified":"2017-01-26T12:02:40","modified_gmt":"2017-01-26T11:02:40","slug":"notre-ami-laurent-sen-est-alle","status":"publish","type":"post","link":"https:\/\/901motoclub.fr\/index.php\/2017\/01\/26\/notre-ami-laurent-sen-est-alle\/","title":{"rendered":"Notre ami Laurent s&#8217;en est all\u00e9"},"content":{"rendered":"<p>Chers amis du 901 Moto Club,<\/p>\n<p>Ce vendredi 20 janvier, vers 18 heures, notre ami et pr\u00e9sident Laurent s&#8217;est \u00e9teint \u00e0 son domicile, paisiblement, entour\u00e9 de sa famille, \u00e0 l&#8217;issue d&#8217;un combat tr\u00e8s \u00e9prouvant contre la maladie.<\/p>\n<p>Sa g\u00e9n\u00e9rosit\u00e9, son enthousiasme, sa bont\u00e9, son sens de l&#8217;humour et de la blague, sa pr\u00e9sence formidable nous manqueront terriblement. Nos pens\u00e9es accompagnent Yvette et ses trois enfants, H\u00e9lo\u00efse, Alexis et Adeline.<\/p>\n<p>Les amis et les motos du 901 Moto Club l&#8217;ont accompagn\u00e9 hier jusqu&#8217;\u00e0 sa derni\u00e8re demeure. Je suis s\u00fbr qu&#8217;il a entendu les moteurs rugissant en son honneur \u00e0 l&#8217;issue d&#8217;une c\u00e9r\u00e9monie tr\u00e8s \u00e9mouvante.<\/p>\n<p>Bon voyage mon Laurent<\/p>\n","protected":false},"excerpt":{"rendered":"<p>Chers amis du 901 Moto Club, Ce vendredi 20 janvier, vers 18 heures, notre ami et pr\u00e9sident Laurent s&#8217;est \u00e9teint \u00e0 son domicile, paisiblement, entour\u00e9 de sa famille, \u00e0 l&#8217;issue d&#8217;un combat tr\u00e8s \u00e9prouvant contre la maladie. Sa g\u00e9n\u00e9rosit\u00e9, son enthousiasme, sa bont\u00e9, son sens de l&#8217;humour et de la blague, sa pr\u00e9sence formidable nous [&hellip;]<\/p>\n","protected":false},"author":1,"featured_media":0,"comment_status":"open","ping_status":"open","sticky":false,"template":"","format":"standard","meta":{"spay_email":"","footnotes":""},"categories":[1],"tags":[],"class_list":["post-991","post","type-post","status-publish","format-standard","hentry","category-non-classe"],"jetpack_featured_media_url":"","jetpack_shortlink":"https:\/\/wp.me\/p6Us3q-fZ","_links":{"self":[{"href":"https:\/\/901motoclub.fr\/index.php\/wp-json\/wp\/v2\/posts\/991","targetHints":{"allow":["GET"]}}],"collection":[{"href":"https:\/\/901motoclub.fr\/index.php\/wp-json\/wp\/v2\/posts"}],"about":[{"href":"https:\/\/901motoclub.fr\/index.php\/wp-json\/wp\/v2\/types\/post"}],"author":[{"embeddable":true,"href":"https:\/\/901motoclub.fr\/index.php\/wp-json\/wp\/v2\/users\/1"}],"replies":[{"embeddable":true,"href":"https:\/\/901motoclub.fr\/index.php\/wp-json\/wp\/v2\/comments?post=991"}],"version-history":[{"count":1,"href":"https:\/\/901motoclub.fr\/index.php\/wp-json\/wp\/v2\/posts\/991\/revisions"}],"predecessor-version":[{"id":992,"href":"https:\/\/901motoclub.fr\/index.php\/wp-json\/wp\/v2\/posts\/991\/revisions\/992"}],"wp:attachment":[{"href":"https:\/\/901motoclub.fr\/index.php\/wp-json\/wp\/v2\/media?parent=991"}],"wp:term":[{"taxonomy":"category","embeddable":true,"href":"https:\/\/901motoclub.fr\/index.php\/wp-json\/wp\/v2\/categories?post=991"},{"taxonomy":"post_tag","embeddable":true,"href":"https:\/\/901motoclub.fr\/index.php\/wp-json\/wp\/v2\/tags?post=991"}],"curies":[{"name":"wp","href":"https:\/\/api.w.org\/{rel}","templated":true}]}}