{"id":995,"date":"2017-02-05T16:18:11","date_gmt":"2017-02-05T15:18:11","guid":{"rendered":"http:\/\/901motoclub.fr\/?p=995"},"modified":"2017-02-21T12:10:05","modified_gmt":"2017-02-21T11:10:05","slug":"balade-du-19-fevrier-2017","status":"publish","type":"post","link":"https:\/\/901motoclub.fr\/index.php\/2017\/02\/05\/balade-du-19-fevrier-2017\/","title":{"rendered":"A venir : Balade du 19 f\u00e9vrier 2017 vers le Mont Bouquet"},"content":{"rendered":"<p>Bonjour les amis,<\/p>\n<p>Nous reprenons donc nos activit\u00e9s apr\u00e8s ce d\u00e9but d&#8217;ann\u00e9e difficile. Notre objectif sera \u00e0 nouveau le <strong>Mont Bouquet<\/strong> et sa magnifique vue \u00e0 360\u00b0, sortie tranquille que nous avions pr\u00e9vue pour le 22 janvier dernier. Mon petit doigt me dit que nous aurons peut \u00eatre l&#8217;occasion d&#8217;admirer de nouvelles motos&#8230; En tout cas, vous trouverez ci-apr\u00e8s le texte de l&#8217;article d\u00e9j\u00e0 publi\u00e9 pour cette sortie.<\/p>\n<p>J&#8217;en profite pour vous informer de la tenue de <strong>notre prochaine assembl\u00e9e g\u00e9n\u00e9rale<\/strong>. Elle aura lieu \u00e0 Saint-Paul-le-Jeune <strong>le vendredi 3 mars \u00e0 18 heures<\/strong>. Un prochain article et un courriel personnel vous informeront des modalit\u00e9s de son organisation. R\u00e9servez d\u00e9j\u00e0 la date dans votre agenda.<\/p>\n<p>Amicalement<\/p>\n<p>Jean<\/p>\n<p>&#8230;&#8230;&#8230;&#8230;&#8230;&#8230;&#8230;&#8230;.<\/p>\n<p>Le Mont Bouquet sera notre objectif lors de notre premi\u00e8re sortie dominicale de l&#8217;ann\u00e9e. Le Mont quoi ? Le Mont Bouquet ! Il est bien connu de certains d&#8217;entre nous (Cf. le post pr\u00e9c\u00e9dent) mais j&#8217;en ignorais tout jusqu&#8217;\u00e0 ce que Wikip\u00e9dia me livre tous ses secrets :<\/p>\n<p>&#8220;Le <b>mont Bouquet<\/b> est un vaste promontoire calcaire situ\u00e9 entre Al\u00e8s et Bagnols-sur-C\u00e8ze, dans le d\u00e9partement du Gard et la r\u00e9gion Occitanie.<\/p>\n<p>Il culmine \u00e0 629 m\u00e8tres d&#8217;altitude au <i>Guidon du Bouquet<\/i>. Son sommet est couronn\u00e9 d&#8217;une chapelle abritant une Vierge ainsi que d&#8217;une grande antenne TDF haute de 60 m\u00e8tres. Depuis le sommet, on peut observer un vaste panorama sur les C\u00e9vennes et le bassin al\u00e8sien au nord-ouest\u00a0; la vall\u00e9e du Rh\u00f4ne et le mont Ventoux \u00e0 l&#8217;est\u00a0; les Garrigues au sud. Le site est tr\u00e8s appr\u00e9ci\u00e9 des parapentistes qui s&#8217;\u00e9lancent du haut de la falaise abrupte surplombant le versant oriental. On trouve \u00e9galement une vigie utilis\u00e9e par les sapeurs pompiers pour pr\u00e9venir les risques d&#8217;incendie. &#8221;<\/p>\n<p>Nous partirons par la 901 vers les deux Saints de Cruzi\u00e8res puis prendrons la direction de Tharaux. Direction ensuite Fons-de-Lussan, le Mont Bouquet et sa c\u00e9l\u00e8bre vue. Enfin, Brouzet-les-Al\u00e8s, Navacelles nous verrons passer, fi\u00e8rement juch\u00e9s sur nos rutilantes machines, puis les Mages, Saint Florent-sur-Auzonnet, et encore Bess\u00e8ges, Pig\u00e8res, avant de rejoindre par de petites routes le Bar des Sports de Saint-Paul-le-Jeune, notre point de d\u00e9part.<\/p>\n<p>Bref, voil\u00e0 une petite sortie bien sympa (environ 100 km) pour la reprise de d\u00e9but d&#8217;ann\u00e9e. Nous augmenterons progressivement la dur\u00e9e des balades au fur et \u00e0 mesure de l&#8217;allongement des jours&#8230;.<\/p>\n<p>Int\u00e9ress\u00e9s par le trajet ? Vous pouvez le t\u00e9l\u00e9charger en format <strong><a href=\"http:\/\/901motoclub.fr\/wp-content\/uploads\/gps\/901-22-01-2017.gpx\">Garmin<\/a><\/strong> ou en format <strong><a href=\"http:\/\/901motoclub.fr\/wp-content\/uploads\/gps\/901-22-01-2017.itn\">Tomtom<\/a><\/strong> ou bien en format <strong><a href=\"http:\/\/901motoclub.fr\/wp-content\/uploads\/gps\/901-22-01-2017.kml\">Google Earth<\/a><\/strong>. Si vous pensez que ce parcours peut \u00eatre am\u00e9lior\u00e9, n&#8217;h\u00e9sitez pas \u00e0 le faire savoir !<\/p>\n<p>Comme d&#8217;habitude, le rendez vous est au plus tard \u00e0 13h30 au Bar des Sports de Saint-Paul-le-Jeune. <strong>Merci de faire savoir un commentaire ci-dessous<\/strong> que vous avez l&#8217;intention (ou pas) de participer \u00e0 cette sortie.<\/p>\n","protected":false},"excerpt":{"rendered":"<p>Bonjour les amis, Nous reprenons donc nos activit\u00e9s apr\u00e8s ce d\u00e9but d&#8217;ann\u00e9e difficile. Notre objectif sera \u00e0 nouveau le Mont Bouquet et sa magnifique vue \u00e0 360\u00b0, sortie tranquille que nous avions pr\u00e9vue pour le 22 janvier dernier. Mon petit doigt me dit que nous aurons peut \u00eatre l&#8217;occasion d&#8217;admirer de nouvelles motos&#8230; En tout [&hellip;]<\/p>\n","protected":false},"author":1,"featured_media":984,"comment_status":"open","ping_status":"open","sticky":false,"template":"","format":"standard","meta":{"spay_email":"","footnotes":""},"categories":[3,4],"tags":[],"class_list":["post-995","post","type-post","status-publish","format-standard","has-post-thumbnail","hentry","category-balades","category-demie-journee"],"jetpack_featured_media_url":"https:\/\/i0.wp.com\/901motoclub.fr\/wp-content\/uploads\/2017\/01\/901-22-01-2017.jpg?fit=892%2C596&ssl=1","jetpack_shortlink":"https:\/\/wp.me\/p6Us3q-g3","_links":{"self":[{"href":"https:\/\/901motoclub.fr\/index.php\/wp-json\/wp\/v2\/posts\/995","targetHints":{"allow":["GET"]}}],"collection":[{"href":"https:\/\/901motoclub.fr\/index.php\/wp-json\/wp\/v2\/posts"}],"about":[{"href":"https:\/\/901motoclub.fr\/index.php\/wp-json\/wp\/v2\/types\/post"}],"author":[{"embeddable":true,"href":"https:\/\/901motoclub.fr\/index.php\/wp-json\/wp\/v2\/users\/1"}],"replies":[{"embeddable":true,"href":"https:\/\/901motoclub.fr\/index.php\/wp-json\/wp\/v2\/comments?post=995"}],"version-history":[{"count":7,"href":"https:\/\/901motoclub.fr\/index.php\/wp-json\/wp\/v2\/posts\/995\/revisions"}],"predecessor-version":[{"id":1032,"href":"https:\/\/901motoclub.fr\/index.php\/wp-json\/wp\/v2\/posts\/995\/revisions\/1032"}],"wp:featuredmedia":[{"embeddable":true,"href":"https:\/\/901motoclub.fr\/index.php\/wp-json\/wp\/v2\/media\/984"}],"wp:attachment":[{"href":"https:\/\/901motoclub.fr\/index.php\/wp-json\/wp\/v2\/media?parent=995"}],"wp:term":[{"taxonomy":"category","embeddable":true,"href":"https:\/\/901motoclub.fr\/index.php\/wp-json\/wp\/v2\/categories?post=995"},{"taxonomy":"post_tag","embeddable":true,"href":"https:\/\/901motoclub.fr\/index.php\/wp-json\/wp\/v2\/tags?post=995"}],"curies":[{"name":"wp","href":"https:\/\/api.w.org\/{rel}","templated":true}]}}